{"id":20677,"date":"2020-09-15T13:55:26","date_gmt":"2020-09-15T11:55:26","guid":{"rendered":"https:\/\/malaga.salesianos.edu\/colegio\/blog\/docencia-semipresencial-en-bachillerato-y-ciclos-formativos\/"},"modified":"2025-11-21T10:36:46","modified_gmt":"2025-11-21T09:36:46","slug":"docencia-semipresencial-en-bachillerato-y-ciclos-formativos","status":"publish","type":"post","link":"https:\/\/malaga.salesianos.edu\/colegio\/blog\/docencia-semipresencial-en-bachillerato-y-ciclos-formativos\/","title":{"rendered":"Docencia semipresencial en Bachillerato y Ciclos Formativos"},"content":{"rendered":"<p>[et_pb_section fb_built=\u00bb1&#8243; admin_label=\u00bbsection\u00bb _builder_version=\u00bb4.16&#8243; custom_padding=\u00bb2px|0px|54px|0px\u00bb global_colors_info=\u00bb{}\u00bb][et_pb_row admin_label=\u00bbrow\u00bb _builder_version=\u00bb4.16&#8243; background_size=\u00bbinitial\u00bb background_position=\u00bbtop_left\u00bb background_repeat=\u00bbrepeat\u00bb global_colors_info=\u00bb{}\u00bb][et_pb_column type=\u00bb4_4&#8243; _builder_version=\u00bb4.16&#8243; custom_padding=\u00bb|||\u00bb global_colors_info=\u00bb{}\u00bb custom_padding__hover=\u00bb|||\u00bb][et_pb_text admin_label=\u00bbDesarrollo\u00bb _builder_version=\u00bb4.27.4&#8243; text_orientation=\u00bbjustified\u00bb custom_padding=\u00bb0px|||||\u00bb hover_enabled=\u00bb0&#8243; z_index_tablet=\u00bb500&#8243; use_border_color=\u00bboff\u00bb border_color=\u00bb#ffffff\u00bb border_style=\u00bbsolid\u00bb global_colors_info=\u00bb{}\u00bb sticky_enabled=\u00bb0&#8243;]<\/p>\n<div id=\"qevaadcebeta-1604648972\" class=\"v-app qualitasui qualitastheme\">\n<div class=\"v-ui v-scrollable\" tabindex=\"1\">\n<div class=\"v-verticallayout v-layout v-vertical v-widget v-has-width v-has-height\">\n<div class=\"v-expand\">\n<div class=\"v-slot\">\n<div class=\"v-csslayout v-layout v-widget v-has-width v-has-height\">\n<div id=\"d0142970-70a0-461a-9be4-e8a63c670768\" class=\"v-horizontallayout v-layout v-horizontal v-widget v-has-width v-has-height\">\n<div class=\"v-expand\">\n<div class=\"v-slot\">\n<div class=\"v-csslayout v-layout v-widget v-has-width v-has-height\">\n<div class=\"v-panel v-widget borderless v-panel-borderless v-has-width v-has-height\">\n<div class=\"v-panel-content v-panel-content-borderless v-scrollable\" tabindex=\"-1\">\n<div class=\"v-verticallayout v-layout v-vertical v-widget v-has-width v-has-height\">\n<div class=\"v-expand\">\n<div class=\"v-slot\">\n<div id=\"4b045e0a-33f6-489d-9e15-bfcbb85a548b\" class=\"v-horizontallayout v-layout v-horizontal v-widget v-has-width v-has-height\">\n<div class=\"v-expand\">\n<div class=\"v-slot\">\n<div class=\"v-verticallayout v-layout v-vertical v-widget v-has-width v-has-height v-margin-top v-margin-right v-margin-bottom v-margin-left\">\n<div class=\"v-expand\">\n<div class=\"v-slot\">\n<div id=\"f7045bd1-2186-4c79-b845-e06e858918c6\" class=\"v-horizontallayout v-layout v-horizontal v-widget v-has-width v-has-height\">\n<div class=\"v-expand\">\n<div class=\"v-slot v-slot-borderless\">\n<div class=\"v-panel v-widget borderless v-panel-borderless v-has-width v-has-height\">\n<div class=\"v-panel-content v-panel-content-borderless v-scrollable\" tabindex=\"-1\">\n<div class=\"v-verticallayout v-layout v-vertical v-widget v-has-width v-has-height\">\n<div class=\"v-expand\">\n<div class=\"v-slot v-align-center v-align-middle\">\n<div class=\"v-splitpanel-vertical v-widget v-has-width v-has-height\">\n<div class=\"v-splitpanel-second-container v-scrollable\">\n<div class=\"v-verticallayout v-layout v-vertical v-widget infoMensaje v-verticallayout-infoMensaje v-has-width v-has-height\">\n<div class=\"v-expand\">\n<div class=\"v-slot v-slot-contenedorGralMensaje\">\n<div class=\"v-verticallayout v-layout v-vertical v-widget contenedorGralMensaje v-verticallayout-contenedorGralMensaje v-has-width v-has-height\">\n<div class=\"v-expand\">\n<div class=\"v-slot v-slot-borderless v-slot-scroll-divider v-slot-cuerpoMensaje\">\n<div class=\"v-panel v-widget borderless v-panel-borderless scroll-divider v-panel-scroll-divider cuerpoMensaje v-panel-cuerpoMensaje v-has-width v-has-height\">\n<div class=\"v-panel-content v-panel-content-borderless v-panel-content-scroll-divider v-panel-content-cuerpoMensaje v-scrollable\" tabindex=\"-1\">\n<div class=\"v-verticallayout v-layout v-vertical v-widget v-has-width\">\n<div class=\"v-slot\">\n<div class=\"v-label v-widget v-has-width\">\n<p>Estimadas familias,<\/p>\n<div>\u00a0<\/div>\n<div>Teniendo en cuenta la circular de 3 de septiembre de 2020, de la Viceconsejer\u00eda de Educaci\u00f3n y Deporte, relativa a medidas de flexibilizaci\u00f3n curricular y organizativas para el curso escolar 2020\/21, se han adoptado una serie de medidas encaminadas a aumentar la distancia interpersonal para ajustarse a las condiciones sanitarias recogidas en el documento \u201cMedidas de prevenci\u00f3n, protecci\u00f3n, vigilancia y promoci\u00f3n de salud. COVID-19.\u201d de la Consejer\u00eda de Salud y Familias. Las medidas adoptadas garantizan, tanto las condiciones de seguridad y salud de las personas como el derecho a una educaci\u00f3n de calidad, y son las siguientes:<\/div>\n<div>\n<ul>\n<li>Para el\u00a0<b>alumnado de las etapas de Bachillerato y Ciclos Formativos<\/b>, se seguir\u00e1 un modelo de organizaci\u00f3n curricular flexible.<\/li>\n<\/ul>\n<ul>\n<li>En estas etapas la docencia tendr\u00e1 lugar en\u00a0<b>modalidad semipresencial<\/b>\u00a0con asistencia parcial del grupo en los tramos horarios presenciales. Cada uno\u00a0de los\u00a0grupos-clase se subdivide en dos grupos, que ir\u00e1n alternando su asistencia presencial.<\/li>\n<\/ul>\n<ul>\n<li>\n<div>En cada materia o m\u00f3dulo, el trabajo estar\u00e1 organizado (tareas, materiales, contenidos), tanto para el alumnado del grupo que asiste presencialmente como para el alumnado que trabaja desde casa, que\u00a0<b>deber\u00e1 mantener su horario habitual de trabajo<\/b>.<\/div>\n<\/li>\n<\/ul>\n<ul>\n<li>Los contenidos y tareas de las diferentes asignaturas o m\u00f3dulos profesionales estar\u00e1n alojados en la\u00a0<b>plataforma educativa G Suite<\/b>. Todos los alumnos tienen una cuenta en esta plataforma, cuyos datos de acceso se les ha proporcionado.<\/li>\n<\/ul>\n<ul>\n<li>Teniendo en cuenta las caracter\u00edsticas propias de cada etapa y en base a criterios pedag\u00f3gicos, la alternancia se realizar\u00e1 del modo siguiente:<\/li>\n<li style=\"list-style-type: none;\">\n<ul>\n<li>En\u00a0<b>Ciclos Formativos,<\/b>\u00a0a partir del mi\u00e9rcoles 16 de septiembre, cada uno de los grupos asistir\u00e1 presencialmente en semanas alternas.<\/li>\n<li>En\u00a0<b>Bachillerato<\/b>,\u00a0a partir del jueves 17 de septiembre,\u00a0cada uno de los grupos asistir\u00e1 presencialmente en d\u00edas alternos.<\/li>\n<\/ul>\n<\/li>\n<\/ul>\n<p>Durante la jornada de presentaci\u00f3n en cada una de estas etapas, el alumnado ha sido informado del grupo al que pertenece y los d\u00edas en los que debe asistir presencialmente.<\/p>\n<\/div>\n<div>\u00a0<\/div>\n<div>Conscientes del\u00a0reto que nos plantea este nuevo curso, agradecemos\u00a0de antemano el apoyo y colaboraci\u00f3n de familias y alumnos. Esperamos que todas estas medidas de prevenci\u00f3n repercutan positivamente el desarrollo del curso.<\/div>\n<div>\u00a0<\/div>\n<\/div>\n<div><b><i>V\u00edctor Nuevo Pereda (Subdirector de Secundaria)<br \/><\/i><\/b><\/div>\n<\/div>\n<\/div>\n<\/div>\n<\/div>\n<\/div>\n<\/div>\n<\/div>\n<\/div>\n<\/div>\n<\/div>\n<\/div>\n<\/div>\n<\/div>\n<\/div>\n<\/div>\n<\/div>\n<\/div>\n<\/div>\n<\/div>\n<\/div>\n<\/div>\n<\/div>\n<\/div>\n<\/div>\n<\/div>\n<\/div>\n<\/div>\n<\/div>\n<\/div>\n<\/div>\n<\/div>\n<\/div>\n<\/div>\n<\/div>\n<\/div>\n<\/div>\n<\/div>\n<\/div>\n<\/div>\n<\/div>\n<\/div>\n<p>[\/et_pb_text][\/et_pb_column][\/et_pb_row][\/et_pb_section]<\/p>\n","protected":false},"excerpt":{"rendered":"<p>Estimadas familias, \u00a0 Teniendo en cuenta la circular de 3 de septiembre de 2020, de la Viceconsejer\u00eda de Educaci\u00f3n y Deporte, relativa a medidas de flexibilizaci\u00f3n curricular y organizativas para el curso escolar 2020\/21, se han adoptado una serie de medidas encaminadas a aumentar la distancia interpersonal para ajustarse a las condiciones sanitarias recogidas en [&hellip;]<\/p>\n","protected":false},"author":2,"featured_media":0,"comment_status":"open","ping_status":"open","sticky":false,"template":"","format":"standard","meta":{"_et_pb_use_builder":"on","_et_pb_old_content":"","_et_gb_content_width":"","footnotes":""},"categories":[6,126,8,10],"tags":[],"class_list":["post-20677","post","type-post","status-publish","format-standard","hentry","category-bachillerato","category-casa","category-ciclos-formativos","category-colegio"],"yoast_head":"<!-- This site is optimized with the Yoast SEO plugin v27.4 - https:\/\/yoast.com\/product\/yoast-seo-wordpress\/ -->\n<title>Docencia semipresencial en Bachillerato y Ciclos Formativos - Colegio Concertado San Bartolom\u00e9 | Salesianos M\u00e1laga<\/title>\n<meta name=\"robots\" content=\"index, follow, max-snippet:-1, max-image-preview:large, max-video-preview:-1\" \/>\n<link rel=\"canonical\" href=\"https:\/\/malaga.salesianos.edu\/colegio\/blog\/docencia-semipresencial-en-bachillerato-y-ciclos-formativos\/\" \/>\n<meta property=\"og:locale\" content=\"es_ES\" \/>\n<meta property=\"og:type\" content=\"article\" \/>\n<meta property=\"og:title\" content=\"Docencia semipresencial en Bachillerato y Ciclos Formativos - Colegio Concertado San Bartolom\u00e9 | Salesianos M\u00e1laga\" \/>\n<meta property=\"og:description\" content=\"Estimadas familias, \u00a0 Teniendo en cuenta la circular de 3 de septiembre de 2020, de la Viceconsejer\u00eda de Educaci\u00f3n y Deporte, relativa a medidas de flexibilizaci\u00f3n curricular y organizativas para el curso escolar 2020\/21, se han adoptado una serie de medidas encaminadas a aumentar la distancia interpersonal para ajustarse a las condiciones sanitarias recogidas en [&hellip;]\" \/>\n<meta property=\"og:url\" content=\"https:\/\/malaga.salesianos.edu\/colegio\/blog\/docencia-semipresencial-en-bachillerato-y-ciclos-formativos\/\" \/>\n<meta property=\"og:site_name\" content=\"Colegio Concertado San Bartolom\u00e9 | Salesianos M\u00e1laga\" \/>\n<meta property=\"article:published_time\" content=\"2020-09-15T11:55:26+00:00\" \/>\n<meta property=\"article:modified_time\" content=\"2025-11-21T09:36:46+00:00\" \/>\n<meta name=\"author\" content=\"Comunicaci\u00f3n MLG\" \/>\n<meta name=\"twitter:card\" content=\"summary_large_image\" \/>\n<meta name=\"twitter:label1\" content=\"Escrito por\" \/>\n\t<meta name=\"twitter:data1\" content=\"Comunicaci\u00f3n MLG\" \/>\n\t<meta name=\"twitter:label2\" content=\"Tiempo de lectura\" \/>\n\t<meta name=\"twitter:data2\" content=\"2 minutos\" \/>\n<script type=\"application\/ld+json\" class=\"yoast-schema-graph\">{\"@context\":\"https:\\\/\\\/schema.org\",\"@graph\":[{\"@type\":\"Article\",\"@id\":\"https:\\\/\\\/malaga.salesianos.edu\\\/colegio\\\/blog\\\/docencia-semipresencial-en-bachillerato-y-ciclos-formativos\\\/#article\",\"isPartOf\":{\"@id\":\"https:\\\/\\\/malaga.salesianos.edu\\\/colegio\\\/blog\\\/docencia-semipresencial-en-bachillerato-y-ciclos-formativos\\\/\"},\"author\":{\"name\":\"Comunicaci\u00f3n MLG\",\"@id\":\"https:\\\/\\\/malaga.salesianos.edu\\\/colegio\\\/#\\\/schema\\\/person\\\/fd7e7b338b40e1c817a659fe5fce718b\"},\"headline\":\"Docencia semipresencial en Bachillerato y Ciclos Formativos\",\"datePublished\":\"2020-09-15T11:55:26+00:00\",\"dateModified\":\"2025-11-21T09:36:46+00:00\",\"mainEntityOfPage\":{\"@id\":\"https:\\\/\\\/malaga.salesianos.edu\\\/colegio\\\/blog\\\/docencia-semipresencial-en-bachillerato-y-ciclos-formativos\\\/\"},\"wordCount\":481,\"commentCount\":0,\"publisher\":{\"@id\":\"https:\\\/\\\/malaga.salesianos.edu\\\/colegio\\\/#organization\"},\"articleSection\":[\"Bachillerato\",\"Casa\",\"Ciclos Formativos\",\"Colegio\"],\"inLanguage\":\"es\",\"potentialAction\":[{\"@type\":\"CommentAction\",\"name\":\"Comment\",\"target\":[\"https:\\\/\\\/malaga.salesianos.edu\\\/colegio\\\/blog\\\/docencia-semipresencial-en-bachillerato-y-ciclos-formativos\\\/#respond\"]}]},{\"@type\":\"WebPage\",\"@id\":\"https:\\\/\\\/malaga.salesianos.edu\\\/colegio\\\/blog\\\/docencia-semipresencial-en-bachillerato-y-ciclos-formativos\\\/\",\"url\":\"https:\\\/\\\/malaga.salesianos.edu\\\/colegio\\\/blog\\\/docencia-semipresencial-en-bachillerato-y-ciclos-formativos\\\/\",\"name\":\"Docencia semipresencial en Bachillerato y Ciclos Formativos - Colegio Concertado San Bartolom\u00e9 | Salesianos M\u00e1laga\",\"isPartOf\":{\"@id\":\"https:\\\/\\\/malaga.salesianos.edu\\\/colegio\\\/#website\"},\"datePublished\":\"2020-09-15T11:55:26+00:00\",\"dateModified\":\"2025-11-21T09:36:46+00:00\",\"breadcrumb\":{\"@id\":\"https:\\\/\\\/malaga.salesianos.edu\\\/colegio\\\/blog\\\/docencia-semipresencial-en-bachillerato-y-ciclos-formativos\\\/#breadcrumb\"},\"inLanguage\":\"es\",\"potentialAction\":[{\"@type\":\"ReadAction\",\"target\":[\"https:\\\/\\\/malaga.salesianos.edu\\\/colegio\\\/blog\\\/docencia-semipresencial-en-bachillerato-y-ciclos-formativos\\\/\"]}]},{\"@type\":\"BreadcrumbList\",\"@id\":\"https:\\\/\\\/malaga.salesianos.edu\\\/colegio\\\/blog\\\/docencia-semipresencial-en-bachillerato-y-ciclos-formativos\\\/#breadcrumb\",\"itemListElement\":[{\"@type\":\"ListItem\",\"position\":1,\"name\":\"Portada\",\"item\":\"https:\\\/\\\/malaga.salesianos.edu\\\/colegio\\\/\"},{\"@type\":\"ListItem\",\"position\":2,\"name\":\"Docencia semipresencial en Bachillerato y Ciclos Formativos\"}]},{\"@type\":\"WebSite\",\"@id\":\"https:\\\/\\\/malaga.salesianos.edu\\\/colegio\\\/#website\",\"url\":\"https:\\\/\\\/malaga.salesianos.edu\\\/colegio\\\/\",\"name\":\"Colegio Concertado San Bartolom\u00e9 | Salesianos M\u00e1laga\",\"description\":\"Centro concertado. Infantil, Primaria, ESO, Bachillerato, Formaci\u00f3n Profesional, Formaci\u00f3n Profesional B\u00e1sica (FPB) y Ciclos Formativos de Grado Medio y Superior.\",\"publisher\":{\"@id\":\"https:\\\/\\\/malaga.salesianos.edu\\\/colegio\\\/#organization\"},\"potentialAction\":[{\"@type\":\"SearchAction\",\"target\":{\"@type\":\"EntryPoint\",\"urlTemplate\":\"https:\\\/\\\/malaga.salesianos.edu\\\/colegio\\\/?s={search_term_string}\"},\"query-input\":{\"@type\":\"PropertyValueSpecification\",\"valueRequired\":true,\"valueName\":\"search_term_string\"}}],\"inLanguage\":\"es\"},{\"@type\":\"Organization\",\"@id\":\"https:\\\/\\\/malaga.salesianos.edu\\\/colegio\\\/#organization\",\"name\":\"Salesianos M\u00e1laga\",\"url\":\"https:\\\/\\\/malaga.salesianos.edu\\\/colegio\\\/\",\"logo\":{\"@type\":\"ImageObject\",\"inLanguage\":\"es\",\"@id\":\"https:\\\/\\\/malaga.salesianos.edu\\\/colegio\\\/#\\\/schema\\\/logo\\\/image\\\/\",\"url\":\"https:\\\/\\\/malaga.salesianos.edu\\\/colegio\\\/wp-content\\\/uploads\\\/sites\\\/2\\\/2018\\\/04\\\/MALAGAobraVN2.jpg\",\"contentUrl\":\"https:\\\/\\\/malaga.salesianos.edu\\\/colegio\\\/wp-content\\\/uploads\\\/sites\\\/2\\\/2018\\\/04\\\/MALAGAobraVN2.jpg\",\"width\":1937,\"height\":1490,\"caption\":\"Salesianos M\u00e1laga\"},\"image\":{\"@id\":\"https:\\\/\\\/malaga.salesianos.edu\\\/colegio\\\/#\\\/schema\\\/logo\\\/image\\\/\"}},{\"@type\":\"Person\",\"@id\":\"https:\\\/\\\/malaga.salesianos.edu\\\/colegio\\\/#\\\/schema\\\/person\\\/fd7e7b338b40e1c817a659fe5fce718b\",\"name\":\"Comunicaci\u00f3n MLG\",\"image\":{\"@type\":\"ImageObject\",\"inLanguage\":\"es\",\"@id\":\"https:\\\/\\\/secure.gravatar.com\\\/avatar\\\/2ce5c66be6c7ab6b098b2ac29099a68d1cdb824afbb8aadf744614ce719778ff?s=96&d=mm&r=g\",\"url\":\"https:\\\/\\\/secure.gravatar.com\\\/avatar\\\/2ce5c66be6c7ab6b098b2ac29099a68d1cdb824afbb8aadf744614ce719778ff?s=96&d=mm&r=g\",\"contentUrl\":\"https:\\\/\\\/secure.gravatar.com\\\/avatar\\\/2ce5c66be6c7ab6b098b2ac29099a68d1cdb824afbb8aadf744614ce719778ff?s=96&d=mm&r=g\",\"caption\":\"Comunicaci\u00f3n MLG\"}}]}<\/script>\n<!-- \/ Yoast SEO plugin. -->","yoast_head_json":{"title":"Docencia semipresencial en Bachillerato y Ciclos Formativos - Colegio Concertado San Bartolom\u00e9 | Salesianos M\u00e1laga","robots":{"index":"index","follow":"follow","max-snippet":"max-snippet:-1","max-image-preview":"max-image-preview:large","max-video-preview":"max-video-preview:-1"},"canonical":"https:\/\/malaga.salesianos.edu\/colegio\/blog\/docencia-semipresencial-en-bachillerato-y-ciclos-formativos\/","og_locale":"es_ES","og_type":"article","og_title":"Docencia semipresencial en Bachillerato y Ciclos Formativos - Colegio Concertado San Bartolom\u00e9 | Salesianos M\u00e1laga","og_description":"Estimadas familias, \u00a0 Teniendo en cuenta la circular de 3 de septiembre de 2020, de la Viceconsejer\u00eda de Educaci\u00f3n y Deporte, relativa a medidas de flexibilizaci\u00f3n curricular y organizativas para el curso escolar 2020\/21, se han adoptado una serie de medidas encaminadas a aumentar la distancia interpersonal para ajustarse a las condiciones sanitarias recogidas en [&hellip;]","og_url":"https:\/\/malaga.salesianos.edu\/colegio\/blog\/docencia-semipresencial-en-bachillerato-y-ciclos-formativos\/","og_site_name":"Colegio Concertado San Bartolom\u00e9 | Salesianos M\u00e1laga","article_published_time":"2020-09-15T11:55:26+00:00","article_modified_time":"2025-11-21T09:36:46+00:00","author":"Comunicaci\u00f3n MLG","twitter_card":"summary_large_image","twitter_misc":{"Escrito por":"Comunicaci\u00f3n MLG","Tiempo de lectura":"2 minutos"},"schema":{"@context":"https:\/\/schema.org","@graph":[{"@type":"Article","@id":"https:\/\/malaga.salesianos.edu\/colegio\/blog\/docencia-semipresencial-en-bachillerato-y-ciclos-formativos\/#article","isPartOf":{"@id":"https:\/\/malaga.salesianos.edu\/colegio\/blog\/docencia-semipresencial-en-bachillerato-y-ciclos-formativos\/"},"author":{"name":"Comunicaci\u00f3n MLG","@id":"https:\/\/malaga.salesianos.edu\/colegio\/#\/schema\/person\/fd7e7b338b40e1c817a659fe5fce718b"},"headline":"Docencia semipresencial en Bachillerato y Ciclos Formativos","datePublished":"2020-09-15T11:55:26+00:00","dateModified":"2025-11-21T09:36:46+00:00","mainEntityOfPage":{"@id":"https:\/\/malaga.salesianos.edu\/colegio\/blog\/docencia-semipresencial-en-bachillerato-y-ciclos-formativos\/"},"wordCount":481,"commentCount":0,"publisher":{"@id":"https:\/\/malaga.salesianos.edu\/colegio\/#organization"},"articleSection":["Bachillerato","Casa","Ciclos Formativos","Colegio"],"inLanguage":"es","potentialAction":[{"@type":"CommentAction","name":"Comment","target":["https:\/\/malaga.salesianos.edu\/colegio\/blog\/docencia-semipresencial-en-bachillerato-y-ciclos-formativos\/#respond"]}]},{"@type":"WebPage","@id":"https:\/\/malaga.salesianos.edu\/colegio\/blog\/docencia-semipresencial-en-bachillerato-y-ciclos-formativos\/","url":"https:\/\/malaga.salesianos.edu\/colegio\/blog\/docencia-semipresencial-en-bachillerato-y-ciclos-formativos\/","name":"Docencia semipresencial en Bachillerato y Ciclos Formativos - Colegio Concertado San Bartolom\u00e9 | Salesianos M\u00e1laga","isPartOf":{"@id":"https:\/\/malaga.salesianos.edu\/colegio\/#website"},"datePublished":"2020-09-15T11:55:26+00:00","dateModified":"2025-11-21T09:36:46+00:00","breadcrumb":{"@id":"https:\/\/malaga.salesianos.edu\/colegio\/blog\/docencia-semipresencial-en-bachillerato-y-ciclos-formativos\/#breadcrumb"},"inLanguage":"es","potentialAction":[{"@type":"ReadAction","target":["https:\/\/malaga.salesianos.edu\/colegio\/blog\/docencia-semipresencial-en-bachillerato-y-ciclos-formativos\/"]}]},{"@type":"BreadcrumbList","@id":"https:\/\/malaga.salesianos.edu\/colegio\/blog\/docencia-semipresencial-en-bachillerato-y-ciclos-formativos\/#breadcrumb","itemListElement":[{"@type":"ListItem","position":1,"name":"Portada","item":"https:\/\/malaga.salesianos.edu\/colegio\/"},{"@type":"ListItem","position":2,"name":"Docencia semipresencial en Bachillerato y Ciclos Formativos"}]},{"@type":"WebSite","@id":"https:\/\/malaga.salesianos.edu\/colegio\/#website","url":"https:\/\/malaga.salesianos.edu\/colegio\/","name":"Colegio Concertado San Bartolom\u00e9 | Salesianos M\u00e1laga","description":"Centro concertado. Infantil, Primaria, ESO, Bachillerato, Formaci\u00f3n Profesional, Formaci\u00f3n Profesional B\u00e1sica (FPB) y Ciclos Formativos de Grado Medio y Superior.","publisher":{"@id":"https:\/\/malaga.salesianos.edu\/colegio\/#organization"},"potentialAction":[{"@type":"SearchAction","target":{"@type":"EntryPoint","urlTemplate":"https:\/\/malaga.salesianos.edu\/colegio\/?s={search_term_string}"},"query-input":{"@type":"PropertyValueSpecification","valueRequired":true,"valueName":"search_term_string"}}],"inLanguage":"es"},{"@type":"Organization","@id":"https:\/\/malaga.salesianos.edu\/colegio\/#organization","name":"Salesianos M\u00e1laga","url":"https:\/\/malaga.salesianos.edu\/colegio\/","logo":{"@type":"ImageObject","inLanguage":"es","@id":"https:\/\/malaga.salesianos.edu\/colegio\/#\/schema\/logo\/image\/","url":"https:\/\/malaga.salesianos.edu\/colegio\/wp-content\/uploads\/sites\/2\/2018\/04\/MALAGAobraVN2.jpg","contentUrl":"https:\/\/malaga.salesianos.edu\/colegio\/wp-content\/uploads\/sites\/2\/2018\/04\/MALAGAobraVN2.jpg","width":1937,"height":1490,"caption":"Salesianos M\u00e1laga"},"image":{"@id":"https:\/\/malaga.salesianos.edu\/colegio\/#\/schema\/logo\/image\/"}},{"@type":"Person","@id":"https:\/\/malaga.salesianos.edu\/colegio\/#\/schema\/person\/fd7e7b338b40e1c817a659fe5fce718b","name":"Comunicaci\u00f3n MLG","image":{"@type":"ImageObject","inLanguage":"es","@id":"https:\/\/secure.gravatar.com\/avatar\/2ce5c66be6c7ab6b098b2ac29099a68d1cdb824afbb8aadf744614ce719778ff?s=96&d=mm&r=g","url":"https:\/\/secure.gravatar.com\/avatar\/2ce5c66be6c7ab6b098b2ac29099a68d1cdb824afbb8aadf744614ce719778ff?s=96&d=mm&r=g","contentUrl":"https:\/\/secure.gravatar.com\/avatar\/2ce5c66be6c7ab6b098b2ac29099a68d1cdb824afbb8aadf744614ce719778ff?s=96&d=mm&r=g","caption":"Comunicaci\u00f3n MLG"}}]}},"_links":{"self":[{"href":"https:\/\/malaga.salesianos.edu\/colegio\/wp-json\/wp\/v2\/posts\/20677","targetHints":{"allow":["GET"]}}],"collection":[{"href":"https:\/\/malaga.salesianos.edu\/colegio\/wp-json\/wp\/v2\/posts"}],"about":[{"href":"https:\/\/malaga.salesianos.edu\/colegio\/wp-json\/wp\/v2\/types\/post"}],"author":[{"embeddable":true,"href":"https:\/\/malaga.salesianos.edu\/colegio\/wp-json\/wp\/v2\/users\/2"}],"replies":[{"embeddable":true,"href":"https:\/\/malaga.salesianos.edu\/colegio\/wp-json\/wp\/v2\/comments?post=20677"}],"version-history":[{"count":1,"href":"https:\/\/malaga.salesianos.edu\/colegio\/wp-json\/wp\/v2\/posts\/20677\/revisions"}],"predecessor-version":[{"id":90407,"href":"https:\/\/malaga.salesianos.edu\/colegio\/wp-json\/wp\/v2\/posts\/20677\/revisions\/90407"}],"wp:attachment":[{"href":"https:\/\/malaga.salesianos.edu\/colegio\/wp-json\/wp\/v2\/media?parent=20677"}],"wp:term":[{"taxonomy":"category","embeddable":true,"href":"https:\/\/malaga.salesianos.edu\/colegio\/wp-json\/wp\/v2\/categories?post=20677"},{"taxonomy":"post_tag","embeddable":true,"href":"https:\/\/malaga.salesianos.edu\/colegio\/wp-json\/wp\/v2\/tags?post=20677"}],"curies":[{"name":"wp","href":"https:\/\/api.w.org\/{rel}","templated":true}]}}