{"id":19713,"date":"2020-01-23T17:12:16","date_gmt":"2020-01-24T06:12:16","guid":{"rendered":"https:\/\/malaga.salesianos.edu\/colegio\/blog\/conociendo-la-labor-de-la-fundacion-don-bosco\/"},"modified":"2020-01-24T07:26:36","modified_gmt":"2020-01-24T06:26:36","slug":"conociendo-la-labor-de-la-fundacion-don-bosco","status":"publish","type":"post","link":"https:\/\/malaga.salesianos.edu\/colegio\/blog\/conociendo-la-labor-de-la-fundacion-don-bosco\/","title":{"rendered":"Conociendo la labor de la Fundaci\u00f3n Don Bosco"},"content":{"rendered":"<p>[et_pb_section fb_built=\u00bb1&#8243; admin_label=\u00bbsection\u00bb _builder_version=\u00bb3.22.3&#8243; custom_padding=\u00bb2px|0px|54px|0px\u00bb][et_pb_row admin_label=\u00bbrow\u00bb _builder_version=\u00bb3.25&#8243; background_size=\u00bbinitial\u00bb background_position=\u00bbtop_left\u00bb background_repeat=\u00bbrepeat\u00bb][et_pb_column type=\u00bb4_4&#8243; _builder_version=\u00bb3.25&#8243; custom_padding=\u00bb|||\u00bb custom_padding__hover=\u00bb|||\u00bb][et_pb_text admin_label=\u00bbDesarrollo\u00bb _builder_version=\u00bb4.0.6&#8243; text_orientation=\u00bbjustified\u00bb custom_padding=\u00bb0px|||||\u00bb z_index_tablet=\u00bb500&#8243; use_border_color=\u00bboff\u00bb border_color=\u00bb#ffffff\u00bb border_style=\u00bbsolid\u00bb]<\/p>\n<p><em><strong>Los alumnos de primer curso de Ciclo Formativo de Grado Superior asistieron esta semana a su Convivencia Cristiana, en la tuvieron la oportunidad de conocer, de primera mano, la labor que reliza la Fundaci\u00f3n Don Bosco en M\u00e1laga.<\/strong><\/em><\/p>\n<p>Dentro de las actividades planificadas desde la Pastoral Escolar, nuestros alumnos participan en Convivencias Cristianas por etapas. En ellas suelen abordarse temas relacionados con la realidad actual, de inter\u00e9s para los j\u00f3venes, abord\u00e1ndolos desde una perspectiva Cristiana y ahondando en los valores que, como creyentes, debemos promover.<\/p>\n<p>El mi\u00e9rcoles fue el turno de los primeros cursos de Ciclos Formativos de Grado Superior, que se acercaron a la labor m\u00e1s original de Don Bosco: la de la ayuda a j\u00f3venes en riesgo de exclusi\u00f3n. Para ello contaron con la presencia de la <a href=\"https:\/\/fundaciondonbosco.es\/\" target=\"_blank\" rel=\"noopener noreferrer\">Fundaci\u00f3n Don Bosco<\/a> y varios de los chicos y chicas que forman parte de los proyectos que esta entidad lleva a cabo en M\u00e1laga: retorno educativo, mujeres transformadoras de su entorno o el piso de emancipaci\u00f3n \u00abBuzzetti\u00bb son algunos de ellos.<\/p>\n<ul>\n<li><em>\u00abM\u00e1s cosas como estas se deber\u00edan hacer en todos los institutos\u00bb<\/em>, comenta uno de nuestros alumnos de ciclo superior.<\/li>\n<li><em>\u00abMe he sentido genial. Ha sidola mejor charla que he dado\u00bb<\/em>, dice Reduan, uno de los chicos de la Fundaci\u00f3n Don Bosco.<\/li>\n<\/ul>\n<p>La Fundaci\u00f3n Don Bosco, con 21 a\u00f1os de trayectoria,\u00a0 lleva a cabo 165 proyectos, atendiendo a m\u00e1s de 20.000 personas en sus 29 centros sociales, situados en distintos puntos de la geograf\u00eda espa\u00f1ola. En M\u00e1laga cuenta tambi\u00e9n con un centro social, ubicado en calle Sevilla, con 23 personas contratadas y 5 voluntarias. Durante el \u00faltimo a\u00f1o se han llevado a cabo 14 proyectos en los que se ha atendido a m\u00e1s de 900 j\u00f3venes.<\/p>\n<p><span style=\"color: #ff0000;\"><strong>Noticias relacionadas:<\/strong> <\/span><\/p>\n<ul>\n<li><em><a href=\"https:\/\/malaga.salesianos.edu\/blog\/la-fundacion-don-bosco-premiada-por-su-labor-con-los-jovenes\/\" target=\"_blank\" rel=\"noopener noreferrer\"><strong>La Fundaci\u00f3n Don Bosco, premiada por su labor con los j\u00f3venes<\/strong><\/a>. <\/em><\/li>\n<\/ul>\n<p>&nbsp;<\/p>\n<p>&nbsp;<\/p>\n<p>[\/et_pb_text][et_pb_gallery gallery_ids=\u00bb19790,19791,19792,19793,19794,19795,19796&#8243; posts_number=\u00bb8&#8243; show_title_and_caption=\u00bboff\u00bb _builder_version=\u00bb4.0.6&#8243; z_index_tablet=\u00bb500&#8243;][\/et_pb_gallery][\/et_pb_column][\/et_pb_row][\/et_pb_section]<\/p>\n","protected":false},"excerpt":{"rendered":"<p>Los alumnos de primer curso de Ciclo Formativo de Grado Superior asistieron esta semana a su Convivencia Cristiana, en la tuvieron la oportunidad de conocer, de primera mano, la labor que reliza la Fundaci\u00f3n Don Bosco en M\u00e1laga. Dentro de las actividades planificadas desde la Pastoral Escolar, nuestros alumnos participan en Convivencias Cristianas por etapas. [&hellip;]<\/p>\n","protected":false},"author":41,"featured_media":19714,"comment_status":"open","ping_status":"open","sticky":false,"template":"","format":"standard","meta":{"_et_pb_use_builder":"on","_et_pb_old_content":"","_et_gb_content_width":"","footnotes":""},"categories":[126,8,91],"tags":[],"class_list":["post-19713","post","type-post","status-publish","format-standard","has-post-thumbnail","hentry","category-casa","category-ciclos-formativos","category-pastoral-escolar"],"yoast_head":"<!-- This site is optimized with the Yoast SEO plugin v27.4 - https:\/\/yoast.com\/product\/yoast-seo-wordpress\/ -->\n<title>Conociendo la labor de la Fundaci\u00f3n Don Bosco - Colegio Concertado San Bartolom\u00e9 | Salesianos M\u00e1laga<\/title>\n<meta name=\"robots\" content=\"index, follow, max-snippet:-1, max-image-preview:large, max-video-preview:-1\" \/>\n<link rel=\"canonical\" href=\"https:\/\/malaga.salesianos.edu\/colegio\/blog\/conociendo-la-labor-de-la-fundacion-don-bosco\/\" \/>\n<meta property=\"og:locale\" content=\"es_ES\" \/>\n<meta property=\"og:type\" content=\"article\" \/>\n<meta property=\"og:title\" content=\"Conociendo la labor de la Fundaci\u00f3n Don Bosco - Colegio Concertado San Bartolom\u00e9 | Salesianos M\u00e1laga\" \/>\n<meta property=\"og:description\" content=\"Los alumnos de primer curso de Ciclo Formativo de Grado Superior asistieron esta semana a su Convivencia Cristiana, en la tuvieron la oportunidad de conocer, de primera mano, la labor que reliza la Fundaci\u00f3n Don Bosco en M\u00e1laga. Dentro de las actividades planificadas desde la Pastoral Escolar, nuestros alumnos participan en Convivencias Cristianas por etapas. [&hellip;]\" \/>\n<meta property=\"og:url\" content=\"https:\/\/malaga.salesianos.edu\/colegio\/blog\/conociendo-la-labor-de-la-fundacion-don-bosco\/\" \/>\n<meta property=\"og:site_name\" content=\"Colegio Concertado San Bartolom\u00e9 | Salesianos M\u00e1laga\" \/>\n<meta property=\"article:published_time\" content=\"2020-01-24T06:12:16+00:00\" \/>\n<meta property=\"article:modified_time\" content=\"2020-01-24T06:26:36+00:00\" \/>\n<meta property=\"og:image\" content=\"https:\/\/malaga.salesianos.edu\/colegio\/wp-content\/uploads\/sites\/2\/2020\/01\/IMG-20200122-WA0021.jpg\" \/>\n\t<meta property=\"og:image:width\" content=\"1599\" \/>\n\t<meta property=\"og:image:height\" content=\"1200\" \/>\n\t<meta property=\"og:image:type\" content=\"image\/jpeg\" \/>\n<meta name=\"twitter:card\" content=\"summary_large_image\" \/>\n<meta name=\"twitter:label1\" content=\"Escrito por\" \/>\n\t<meta name=\"twitter:data1\" content=\"\" \/>\n\t<meta name=\"twitter:label2\" content=\"Tiempo de lectura\" \/>\n\t<meta name=\"twitter:data2\" content=\"2 minutos\" \/>\n<script type=\"application\/ld+json\" class=\"yoast-schema-graph\">{\"@context\":\"https:\\\/\\\/schema.org\",\"@graph\":[{\"@type\":\"Article\",\"@id\":\"https:\\\/\\\/malaga.salesianos.edu\\\/colegio\\\/blog\\\/conociendo-la-labor-de-la-fundacion-don-bosco\\\/#article\",\"isPartOf\":{\"@id\":\"https:\\\/\\\/malaga.salesianos.edu\\\/colegio\\\/blog\\\/conociendo-la-labor-de-la-fundacion-don-bosco\\\/\"},\"author\":{\"name\":\"\",\"@id\":\"\"},\"headline\":\"Conociendo la labor de la Fundaci\u00f3n Don Bosco\",\"datePublished\":\"2020-01-24T06:12:16+00:00\",\"dateModified\":\"2020-01-24T06:26:36+00:00\",\"mainEntityOfPage\":{\"@id\":\"https:\\\/\\\/malaga.salesianos.edu\\\/colegio\\\/blog\\\/conociendo-la-labor-de-la-fundacion-don-bosco\\\/\"},\"wordCount\":432,\"commentCount\":0,\"publisher\":{\"@id\":\"https:\\\/\\\/malaga.salesianos.edu\\\/colegio\\\/#organization\"},\"image\":{\"@id\":\"https:\\\/\\\/malaga.salesianos.edu\\\/colegio\\\/blog\\\/conociendo-la-labor-de-la-fundacion-don-bosco\\\/#primaryimage\"},\"thumbnailUrl\":\"https:\\\/\\\/malaga.salesianos.edu\\\/colegio\\\/wp-content\\\/uploads\\\/sites\\\/2\\\/2020\\\/01\\\/IMG-20200122-WA0021.jpg\",\"articleSection\":[\"Casa\",\"Ciclos Formativos\",\"Pastoral Escolar\"],\"inLanguage\":\"es\",\"potentialAction\":[{\"@type\":\"CommentAction\",\"name\":\"Comment\",\"target\":[\"https:\\\/\\\/malaga.salesianos.edu\\\/colegio\\\/blog\\\/conociendo-la-labor-de-la-fundacion-don-bosco\\\/#respond\"]}]},{\"@type\":\"WebPage\",\"@id\":\"https:\\\/\\\/malaga.salesianos.edu\\\/colegio\\\/blog\\\/conociendo-la-labor-de-la-fundacion-don-bosco\\\/\",\"url\":\"https:\\\/\\\/malaga.salesianos.edu\\\/colegio\\\/blog\\\/conociendo-la-labor-de-la-fundacion-don-bosco\\\/\",\"name\":\"Conociendo la labor de la Fundaci\u00f3n Don Bosco - Colegio Concertado San Bartolom\u00e9 | Salesianos M\u00e1laga\",\"isPartOf\":{\"@id\":\"https:\\\/\\\/malaga.salesianos.edu\\\/colegio\\\/#website\"},\"primaryImageOfPage\":{\"@id\":\"https:\\\/\\\/malaga.salesianos.edu\\\/colegio\\\/blog\\\/conociendo-la-labor-de-la-fundacion-don-bosco\\\/#primaryimage\"},\"image\":{\"@id\":\"https:\\\/\\\/malaga.salesianos.edu\\\/colegio\\\/blog\\\/conociendo-la-labor-de-la-fundacion-don-bosco\\\/#primaryimage\"},\"thumbnailUrl\":\"https:\\\/\\\/malaga.salesianos.edu\\\/colegio\\\/wp-content\\\/uploads\\\/sites\\\/2\\\/2020\\\/01\\\/IMG-20200122-WA0021.jpg\",\"datePublished\":\"2020-01-24T06:12:16+00:00\",\"dateModified\":\"2020-01-24T06:26:36+00:00\",\"breadcrumb\":{\"@id\":\"https:\\\/\\\/malaga.salesianos.edu\\\/colegio\\\/blog\\\/conociendo-la-labor-de-la-fundacion-don-bosco\\\/#breadcrumb\"},\"inLanguage\":\"es\",\"potentialAction\":[{\"@type\":\"ReadAction\",\"target\":[\"https:\\\/\\\/malaga.salesianos.edu\\\/colegio\\\/blog\\\/conociendo-la-labor-de-la-fundacion-don-bosco\\\/\"]}]},{\"@type\":\"ImageObject\",\"inLanguage\":\"es\",\"@id\":\"https:\\\/\\\/malaga.salesianos.edu\\\/colegio\\\/blog\\\/conociendo-la-labor-de-la-fundacion-don-bosco\\\/#primaryimage\",\"url\":\"https:\\\/\\\/malaga.salesianos.edu\\\/colegio\\\/wp-content\\\/uploads\\\/sites\\\/2\\\/2020\\\/01\\\/IMG-20200122-WA0021.jpg\",\"contentUrl\":\"https:\\\/\\\/malaga.salesianos.edu\\\/colegio\\\/wp-content\\\/uploads\\\/sites\\\/2\\\/2020\\\/01\\\/IMG-20200122-WA0021.jpg\",\"width\":1599,\"height\":1200},{\"@type\":\"BreadcrumbList\",\"@id\":\"https:\\\/\\\/malaga.salesianos.edu\\\/colegio\\\/blog\\\/conociendo-la-labor-de-la-fundacion-don-bosco\\\/#breadcrumb\",\"itemListElement\":[{\"@type\":\"ListItem\",\"position\":1,\"name\":\"Portada\",\"item\":\"https:\\\/\\\/malaga.salesianos.edu\\\/colegio\\\/\"},{\"@type\":\"ListItem\",\"position\":2,\"name\":\"Conociendo la labor de la Fundaci\u00f3n Don Bosco\"}]},{\"@type\":\"WebSite\",\"@id\":\"https:\\\/\\\/malaga.salesianos.edu\\\/colegio\\\/#website\",\"url\":\"https:\\\/\\\/malaga.salesianos.edu\\\/colegio\\\/\",\"name\":\"Colegio Concertado San Bartolom\u00e9 | Salesianos M\u00e1laga\",\"description\":\"Centro concertado. Infantil, Primaria, ESO, Bachillerato, Formaci\u00f3n Profesional, Formaci\u00f3n Profesional B\u00e1sica (FPB) y Ciclos Formativos de Grado Medio y Superior.\",\"publisher\":{\"@id\":\"https:\\\/\\\/malaga.salesianos.edu\\\/colegio\\\/#organization\"},\"potentialAction\":[{\"@type\":\"SearchAction\",\"target\":{\"@type\":\"EntryPoint\",\"urlTemplate\":\"https:\\\/\\\/malaga.salesianos.edu\\\/colegio\\\/?s={search_term_string}\"},\"query-input\":{\"@type\":\"PropertyValueSpecification\",\"valueRequired\":true,\"valueName\":\"search_term_string\"}}],\"inLanguage\":\"es\"},{\"@type\":\"Organization\",\"@id\":\"https:\\\/\\\/malaga.salesianos.edu\\\/colegio\\\/#organization\",\"name\":\"Salesianos M\u00e1laga\",\"url\":\"https:\\\/\\\/malaga.salesianos.edu\\\/colegio\\\/\",\"logo\":{\"@type\":\"ImageObject\",\"inLanguage\":\"es\",\"@id\":\"https:\\\/\\\/malaga.salesianos.edu\\\/colegio\\\/#\\\/schema\\\/logo\\\/image\\\/\",\"url\":\"https:\\\/\\\/malaga.salesianos.edu\\\/colegio\\\/wp-content\\\/uploads\\\/sites\\\/2\\\/2018\\\/04\\\/MALAGAobraVN2.jpg\",\"contentUrl\":\"https:\\\/\\\/malaga.salesianos.edu\\\/colegio\\\/wp-content\\\/uploads\\\/sites\\\/2\\\/2018\\\/04\\\/MALAGAobraVN2.jpg\",\"width\":1937,\"height\":1490,\"caption\":\"Salesianos M\u00e1laga\"},\"image\":{\"@id\":\"https:\\\/\\\/malaga.salesianos.edu\\\/colegio\\\/#\\\/schema\\\/logo\\\/image\\\/\"}},{\"@type\":\"Person\",\"@id\":\"\"}]}<\/script>\n<!-- \/ Yoast SEO plugin. -->","yoast_head_json":{"title":"Conociendo la labor de la Fundaci\u00f3n Don Bosco - Colegio Concertado San Bartolom\u00e9 | Salesianos M\u00e1laga","robots":{"index":"index","follow":"follow","max-snippet":"max-snippet:-1","max-image-preview":"max-image-preview:large","max-video-preview":"max-video-preview:-1"},"canonical":"https:\/\/malaga.salesianos.edu\/colegio\/blog\/conociendo-la-labor-de-la-fundacion-don-bosco\/","og_locale":"es_ES","og_type":"article","og_title":"Conociendo la labor de la Fundaci\u00f3n Don Bosco - Colegio Concertado San Bartolom\u00e9 | Salesianos M\u00e1laga","og_description":"Los alumnos de primer curso de Ciclo Formativo de Grado Superior asistieron esta semana a su Convivencia Cristiana, en la tuvieron la oportunidad de conocer, de primera mano, la labor que reliza la Fundaci\u00f3n Don Bosco en M\u00e1laga. Dentro de las actividades planificadas desde la Pastoral Escolar, nuestros alumnos participan en Convivencias Cristianas por etapas. [&hellip;]","og_url":"https:\/\/malaga.salesianos.edu\/colegio\/blog\/conociendo-la-labor-de-la-fundacion-don-bosco\/","og_site_name":"Colegio Concertado San Bartolom\u00e9 | Salesianos M\u00e1laga","article_published_time":"2020-01-24T06:12:16+00:00","article_modified_time":"2020-01-24T06:26:36+00:00","og_image":[{"width":1599,"height":1200,"url":"https:\/\/malaga.salesianos.edu\/colegio\/wp-content\/uploads\/sites\/2\/2020\/01\/IMG-20200122-WA0021.jpg","type":"image\/jpeg"}],"twitter_card":"summary_large_image","twitter_misc":{"Escrito por":"","Tiempo de lectura":"2 minutos"},"schema":{"@context":"https:\/\/schema.org","@graph":[{"@type":"Article","@id":"https:\/\/malaga.salesianos.edu\/colegio\/blog\/conociendo-la-labor-de-la-fundacion-don-bosco\/#article","isPartOf":{"@id":"https:\/\/malaga.salesianos.edu\/colegio\/blog\/conociendo-la-labor-de-la-fundacion-don-bosco\/"},"author":{"name":"","@id":""},"headline":"Conociendo la labor de la Fundaci\u00f3n Don Bosco","datePublished":"2020-01-24T06:12:16+00:00","dateModified":"2020-01-24T06:26:36+00:00","mainEntityOfPage":{"@id":"https:\/\/malaga.salesianos.edu\/colegio\/blog\/conociendo-la-labor-de-la-fundacion-don-bosco\/"},"wordCount":432,"commentCount":0,"publisher":{"@id":"https:\/\/malaga.salesianos.edu\/colegio\/#organization"},"image":{"@id":"https:\/\/malaga.salesianos.edu\/colegio\/blog\/conociendo-la-labor-de-la-fundacion-don-bosco\/#primaryimage"},"thumbnailUrl":"https:\/\/malaga.salesianos.edu\/colegio\/wp-content\/uploads\/sites\/2\/2020\/01\/IMG-20200122-WA0021.jpg","articleSection":["Casa","Ciclos Formativos","Pastoral Escolar"],"inLanguage":"es","potentialAction":[{"@type":"CommentAction","name":"Comment","target":["https:\/\/malaga.salesianos.edu\/colegio\/blog\/conociendo-la-labor-de-la-fundacion-don-bosco\/#respond"]}]},{"@type":"WebPage","@id":"https:\/\/malaga.salesianos.edu\/colegio\/blog\/conociendo-la-labor-de-la-fundacion-don-bosco\/","url":"https:\/\/malaga.salesianos.edu\/colegio\/blog\/conociendo-la-labor-de-la-fundacion-don-bosco\/","name":"Conociendo la labor de la Fundaci\u00f3n Don Bosco - Colegio Concertado San Bartolom\u00e9 | Salesianos M\u00e1laga","isPartOf":{"@id":"https:\/\/malaga.salesianos.edu\/colegio\/#website"},"primaryImageOfPage":{"@id":"https:\/\/malaga.salesianos.edu\/colegio\/blog\/conociendo-la-labor-de-la-fundacion-don-bosco\/#primaryimage"},"image":{"@id":"https:\/\/malaga.salesianos.edu\/colegio\/blog\/conociendo-la-labor-de-la-fundacion-don-bosco\/#primaryimage"},"thumbnailUrl":"https:\/\/malaga.salesianos.edu\/colegio\/wp-content\/uploads\/sites\/2\/2020\/01\/IMG-20200122-WA0021.jpg","datePublished":"2020-01-24T06:12:16+00:00","dateModified":"2020-01-24T06:26:36+00:00","breadcrumb":{"@id":"https:\/\/malaga.salesianos.edu\/colegio\/blog\/conociendo-la-labor-de-la-fundacion-don-bosco\/#breadcrumb"},"inLanguage":"es","potentialAction":[{"@type":"ReadAction","target":["https:\/\/malaga.salesianos.edu\/colegio\/blog\/conociendo-la-labor-de-la-fundacion-don-bosco\/"]}]},{"@type":"ImageObject","inLanguage":"es","@id":"https:\/\/malaga.salesianos.edu\/colegio\/blog\/conociendo-la-labor-de-la-fundacion-don-bosco\/#primaryimage","url":"https:\/\/malaga.salesianos.edu\/colegio\/wp-content\/uploads\/sites\/2\/2020\/01\/IMG-20200122-WA0021.jpg","contentUrl":"https:\/\/malaga.salesianos.edu\/colegio\/wp-content\/uploads\/sites\/2\/2020\/01\/IMG-20200122-WA0021.jpg","width":1599,"height":1200},{"@type":"BreadcrumbList","@id":"https:\/\/malaga.salesianos.edu\/colegio\/blog\/conociendo-la-labor-de-la-fundacion-don-bosco\/#breadcrumb","itemListElement":[{"@type":"ListItem","position":1,"name":"Portada","item":"https:\/\/malaga.salesianos.edu\/colegio\/"},{"@type":"ListItem","position":2,"name":"Conociendo la labor de la Fundaci\u00f3n Don Bosco"}]},{"@type":"WebSite","@id":"https:\/\/malaga.salesianos.edu\/colegio\/#website","url":"https:\/\/malaga.salesianos.edu\/colegio\/","name":"Colegio Concertado San Bartolom\u00e9 | Salesianos M\u00e1laga","description":"Centro concertado. Infantil, Primaria, ESO, Bachillerato, Formaci\u00f3n Profesional, Formaci\u00f3n Profesional B\u00e1sica (FPB) y Ciclos Formativos de Grado Medio y Superior.","publisher":{"@id":"https:\/\/malaga.salesianos.edu\/colegio\/#organization"},"potentialAction":[{"@type":"SearchAction","target":{"@type":"EntryPoint","urlTemplate":"https:\/\/malaga.salesianos.edu\/colegio\/?s={search_term_string}"},"query-input":{"@type":"PropertyValueSpecification","valueRequired":true,"valueName":"search_term_string"}}],"inLanguage":"es"},{"@type":"Organization","@id":"https:\/\/malaga.salesianos.edu\/colegio\/#organization","name":"Salesianos M\u00e1laga","url":"https:\/\/malaga.salesianos.edu\/colegio\/","logo":{"@type":"ImageObject","inLanguage":"es","@id":"https:\/\/malaga.salesianos.edu\/colegio\/#\/schema\/logo\/image\/","url":"https:\/\/malaga.salesianos.edu\/colegio\/wp-content\/uploads\/sites\/2\/2018\/04\/MALAGAobraVN2.jpg","contentUrl":"https:\/\/malaga.salesianos.edu\/colegio\/wp-content\/uploads\/sites\/2\/2018\/04\/MALAGAobraVN2.jpg","width":1937,"height":1490,"caption":"Salesianos M\u00e1laga"},"image":{"@id":"https:\/\/malaga.salesianos.edu\/colegio\/#\/schema\/logo\/image\/"}},{"@type":"Person","@id":""}]}},"_links":{"self":[{"href":"https:\/\/malaga.salesianos.edu\/colegio\/wp-json\/wp\/v2\/posts\/19713","targetHints":{"allow":["GET"]}}],"collection":[{"href":"https:\/\/malaga.salesianos.edu\/colegio\/wp-json\/wp\/v2\/posts"}],"about":[{"href":"https:\/\/malaga.salesianos.edu\/colegio\/wp-json\/wp\/v2\/types\/post"}],"author":[{"embeddable":true,"href":"https:\/\/malaga.salesianos.edu\/colegio\/wp-json\/wp\/v2\/users\/41"}],"replies":[{"embeddable":true,"href":"https:\/\/malaga.salesianos.edu\/colegio\/wp-json\/wp\/v2\/comments?post=19713"}],"version-history":[{"count":4,"href":"https:\/\/malaga.salesianos.edu\/colegio\/wp-json\/wp\/v2\/posts\/19713\/revisions"}],"predecessor-version":[{"id":19719,"href":"https:\/\/malaga.salesianos.edu\/colegio\/wp-json\/wp\/v2\/posts\/19713\/revisions\/19719"}],"wp:featuredmedia":[{"embeddable":true,"href":"https:\/\/malaga.salesianos.edu\/colegio\/wp-json\/wp\/v2\/media\/19714"}],"wp:attachment":[{"href":"https:\/\/malaga.salesianos.edu\/colegio\/wp-json\/wp\/v2\/media?parent=19713"}],"wp:term":[{"taxonomy":"category","embeddable":true,"href":"https:\/\/malaga.salesianos.edu\/colegio\/wp-json\/wp\/v2\/categories?post=19713"},{"taxonomy":"post_tag","embeddable":true,"href":"https:\/\/malaga.salesianos.edu\/colegio\/wp-json\/wp\/v2\/tags?post=19713"}],"curies":[{"name":"wp","href":"https:\/\/api.w.org\/{rel}","templated":true}]}}