{"id":19665,"date":"2019-12-20T08:30:44","date_gmt":"2019-12-20T07:30:44","guid":{"rendered":"https:\/\/malaga.salesianos.edu\/colegio\/blog\/la-fp-dual-da-sus-frutos\/"},"modified":"2019-12-20T08:33:22","modified_gmt":"2019-12-20T07:33:22","slug":"la-fp-dual-da-sus-frutos","status":"publish","type":"post","link":"https:\/\/malaga.salesianos.edu\/colegio\/blog\/la-fp-dual-da-sus-frutos\/","title":{"rendered":"La FP Dual da sus frutos"},"content":{"rendered":"<p>[et_pb_section fb_built=\u00bb1&#8243; admin_label=\u00bbsection\u00bb _builder_version=\u00bb3.22.3&#8243; custom_padding=\u00bb2px|0px|54px|0px\u00bb][et_pb_row admin_label=\u00bbrow\u00bb _builder_version=\u00bb3.25&#8243; background_size=\u00bbinitial\u00bb background_position=\u00bbtop_left\u00bb background_repeat=\u00bbrepeat\u00bb][et_pb_column type=\u00bb4_4&#8243; _builder_version=\u00bb3.25&#8243; custom_padding=\u00bb|||\u00bb custom_padding__hover=\u00bb|||\u00bb][et_pb_text admin_label=\u00bbDesarrollo\u00bb _builder_version=\u00bb4.0.6&#8243; text_orientation=\u00bbjustified\u00bb custom_padding=\u00bb0px|||||\u00bb z_index_tablet=\u00bb500&#8243; use_border_color=\u00bboff\u00bb border_color=\u00bb#ffffff\u00bb border_style=\u00bbsolid\u00bb]<\/p>\n<p><em><strong>De ser un alumno que participa en un proyecto de FPDual a convertirse en tutor laboral.<\/strong><\/em><\/p>\n<p>Eso es lo que le ha ocurrido a \u00d3scar Santos, uno de nuestros alumnos de Gesti\u00f3n Administrativa. Despu\u00e9s de pasar un proceso de selecci\u00f3n, fue uno de los candidatos a participar en el proyecto de FPDual de dicho ciclo formativo junto a 6 compa\u00f1eros m\u00e1s. Concretamente, realiz\u00f3 su periodo de formaci\u00f3n en la empresa \u201cChapa Line\u201d. De enero a mayo del primer curso y de noviembre a marzo del segundo curso compagin\u00f3 su formaci\u00f3n viniendo al colegio dos d\u00edas a la semana y los tres restantes los ocupaba en la empresa. All\u00ed tuvo que aprender, ente otros aspectos, a atender tanto a los proveedores como a la clientela que llegaba a la empresa, a gestionar la amplia documentaci\u00f3n administrativa que se generaba, a relacionarse con los distintos compa\u00f1eros de trabajo. En definitiva, tuvo la oportunidad de estar en contacto real con el mundo empresarial y lo hizo como parte de su formaci\u00f3n en este centro.<\/p>\n<p>\u00d3scar ten\u00eda intenci\u00f3n de continuar sus estudios cursando el ciclo formativo de grado superior, pero en \u201cChapa Line\u201d le ofrecieron seguir en la empresa, ya con un contrato laboral, con lo que, actualmente, trata de simultanear su trabajo con los referidos estudios del grado superior.<\/p>\n<p>Durante el presente curso \u201cChapa Line\u201d vuelve a colaborar con Salesianos M\u00e1laga y, en este caso, Soledad Salazar es la alumna que va a participar con ellos a trav\u00e9s del proyecto de FPDual. La persona que va a estar acompa\u00f1ando a Sole en su proceso de formaci\u00f3n en la empresa como tutor laboral es nuestro antiguo alumno \u00d3scar.<\/p>\n<p>Estos casos nos reafirman para seguir apostando por nuestros alumnos y por esta modalidad de formaci\u00f3n, que permite a los j\u00f3venes estar en contacto con el mundo empresarial desde el primer momento de su aprendizaje, vi\u00e9ndose acelerado as\u00ed tanto su proceso de madurez personal como las oportunidades de encontrar un empleo a nivel profesional.<\/p>\n<p>Enhorabuena a \u00d3scar y enhorabuena a Sole.<\/p>\n<p>[\/et_pb_text][\/et_pb_column][\/et_pb_row][\/et_pb_section]<\/p>\n","protected":false},"excerpt":{"rendered":"<p>De ser un alumno que participa en un proyecto de FPDual a convertirse en tutor laboral. Eso es lo que le ha ocurrido a \u00d3scar Santos, uno de nuestros alumnos de Gesti\u00f3n Administrativa. Despu\u00e9s de pasar un proceso de selecci\u00f3n, fue uno de los candidatos a participar en el proyecto de FPDual de dicho ciclo [&hellip;]<\/p>\n","protected":false},"author":27,"featured_media":19666,"comment_status":"open","ping_status":"open","sticky":false,"template":"","format":"standard","meta":{"_et_pb_use_builder":"on","_et_pb_old_content":"","_et_gb_content_width":"","footnotes":""},"categories":[126,8,10,201],"tags":[],"class_list":["post-19665","post","type-post","status-publish","format-standard","has-post-thumbnail","hentry","category-casa","category-ciclos-formativos","category-colegio","category-fp-dual"],"yoast_head":"<!-- This site is optimized with the Yoast SEO plugin v27.4 - https:\/\/yoast.com\/product\/yoast-seo-wordpress\/ -->\n<title>La FP Dual da sus frutos - Colegio Concertado San Bartolom\u00e9 | Salesianos M\u00e1laga<\/title>\n<meta name=\"robots\" content=\"index, follow, max-snippet:-1, max-image-preview:large, max-video-preview:-1\" \/>\n<link rel=\"canonical\" href=\"https:\/\/malaga.salesianos.edu\/colegio\/blog\/la-fp-dual-da-sus-frutos\/\" \/>\n<meta property=\"og:locale\" content=\"es_ES\" \/>\n<meta property=\"og:type\" content=\"article\" \/>\n<meta property=\"og:title\" content=\"La FP Dual da sus frutos - Colegio Concertado San Bartolom\u00e9 | Salesianos M\u00e1laga\" \/>\n<meta property=\"og:description\" content=\"De ser un alumno que participa en un proyecto de FPDual a convertirse en tutor laboral. Eso es lo que le ha ocurrido a \u00d3scar Santos, uno de nuestros alumnos de Gesti\u00f3n Administrativa. Despu\u00e9s de pasar un proceso de selecci\u00f3n, fue uno de los candidatos a participar en el proyecto de FPDual de dicho ciclo [&hellip;]\" \/>\n<meta property=\"og:url\" content=\"https:\/\/malaga.salesianos.edu\/colegio\/blog\/la-fp-dual-da-sus-frutos\/\" \/>\n<meta property=\"og:site_name\" content=\"Colegio Concertado San Bartolom\u00e9 | Salesianos M\u00e1laga\" \/>\n<meta property=\"article:published_time\" content=\"2019-12-20T07:30:44+00:00\" \/>\n<meta property=\"article:modified_time\" content=\"2019-12-20T07:33:22+00:00\" \/>\n<meta property=\"og:image\" content=\"https:\/\/malaga.salesianos.edu\/colegio\/wp-content\/uploads\/sites\/2\/2019\/12\/FP_Dual.jpg\" \/>\n\t<meta property=\"og:image:width\" content=\"986\" \/>\n\t<meta property=\"og:image:height\" content=\"809\" \/>\n\t<meta property=\"og:image:type\" content=\"image\/jpeg\" \/>\n<meta name=\"twitter:card\" content=\"summary_large_image\" \/>\n<meta name=\"twitter:label1\" content=\"Escrito por\" \/>\n\t<meta name=\"twitter:data1\" content=\"\" \/>\n\t<meta name=\"twitter:label2\" content=\"Tiempo de lectura\" \/>\n\t<meta name=\"twitter:data2\" content=\"2 minutos\" \/>\n<script type=\"application\/ld+json\" class=\"yoast-schema-graph\">{\"@context\":\"https:\\\/\\\/schema.org\",\"@graph\":[{\"@type\":\"Article\",\"@id\":\"https:\\\/\\\/malaga.salesianos.edu\\\/colegio\\\/blog\\\/la-fp-dual-da-sus-frutos\\\/#article\",\"isPartOf\":{\"@id\":\"https:\\\/\\\/malaga.salesianos.edu\\\/colegio\\\/blog\\\/la-fp-dual-da-sus-frutos\\\/\"},\"author\":{\"name\":\"\",\"@id\":\"\"},\"headline\":\"La FP Dual da sus frutos\",\"datePublished\":\"2019-12-20T07:30:44+00:00\",\"dateModified\":\"2019-12-20T07:33:22+00:00\",\"mainEntityOfPage\":{\"@id\":\"https:\\\/\\\/malaga.salesianos.edu\\\/colegio\\\/blog\\\/la-fp-dual-da-sus-frutos\\\/\"},\"wordCount\":444,\"commentCount\":0,\"publisher\":{\"@id\":\"https:\\\/\\\/malaga.salesianos.edu\\\/colegio\\\/#organization\"},\"image\":{\"@id\":\"https:\\\/\\\/malaga.salesianos.edu\\\/colegio\\\/blog\\\/la-fp-dual-da-sus-frutos\\\/#primaryimage\"},\"thumbnailUrl\":\"https:\\\/\\\/malaga.salesianos.edu\\\/colegio\\\/wp-content\\\/uploads\\\/sites\\\/2\\\/2019\\\/12\\\/FP_Dual.jpg\",\"articleSection\":[\"Casa\",\"Ciclos Formativos\",\"Colegio\",\"FP Dual\"],\"inLanguage\":\"es\",\"potentialAction\":[{\"@type\":\"CommentAction\",\"name\":\"Comment\",\"target\":[\"https:\\\/\\\/malaga.salesianos.edu\\\/colegio\\\/blog\\\/la-fp-dual-da-sus-frutos\\\/#respond\"]}]},{\"@type\":\"WebPage\",\"@id\":\"https:\\\/\\\/malaga.salesianos.edu\\\/colegio\\\/blog\\\/la-fp-dual-da-sus-frutos\\\/\",\"url\":\"https:\\\/\\\/malaga.salesianos.edu\\\/colegio\\\/blog\\\/la-fp-dual-da-sus-frutos\\\/\",\"name\":\"La FP Dual da sus frutos - Colegio Concertado San Bartolom\u00e9 | Salesianos M\u00e1laga\",\"isPartOf\":{\"@id\":\"https:\\\/\\\/malaga.salesianos.edu\\\/colegio\\\/#website\"},\"primaryImageOfPage\":{\"@id\":\"https:\\\/\\\/malaga.salesianos.edu\\\/colegio\\\/blog\\\/la-fp-dual-da-sus-frutos\\\/#primaryimage\"},\"image\":{\"@id\":\"https:\\\/\\\/malaga.salesianos.edu\\\/colegio\\\/blog\\\/la-fp-dual-da-sus-frutos\\\/#primaryimage\"},\"thumbnailUrl\":\"https:\\\/\\\/malaga.salesianos.edu\\\/colegio\\\/wp-content\\\/uploads\\\/sites\\\/2\\\/2019\\\/12\\\/FP_Dual.jpg\",\"datePublished\":\"2019-12-20T07:30:44+00:00\",\"dateModified\":\"2019-12-20T07:33:22+00:00\",\"breadcrumb\":{\"@id\":\"https:\\\/\\\/malaga.salesianos.edu\\\/colegio\\\/blog\\\/la-fp-dual-da-sus-frutos\\\/#breadcrumb\"},\"inLanguage\":\"es\",\"potentialAction\":[{\"@type\":\"ReadAction\",\"target\":[\"https:\\\/\\\/malaga.salesianos.edu\\\/colegio\\\/blog\\\/la-fp-dual-da-sus-frutos\\\/\"]}]},{\"@type\":\"ImageObject\",\"inLanguage\":\"es\",\"@id\":\"https:\\\/\\\/malaga.salesianos.edu\\\/colegio\\\/blog\\\/la-fp-dual-da-sus-frutos\\\/#primaryimage\",\"url\":\"https:\\\/\\\/malaga.salesianos.edu\\\/colegio\\\/wp-content\\\/uploads\\\/sites\\\/2\\\/2019\\\/12\\\/FP_Dual.jpg\",\"contentUrl\":\"https:\\\/\\\/malaga.salesianos.edu\\\/colegio\\\/wp-content\\\/uploads\\\/sites\\\/2\\\/2019\\\/12\\\/FP_Dual.jpg\",\"width\":986,\"height\":809},{\"@type\":\"BreadcrumbList\",\"@id\":\"https:\\\/\\\/malaga.salesianos.edu\\\/colegio\\\/blog\\\/la-fp-dual-da-sus-frutos\\\/#breadcrumb\",\"itemListElement\":[{\"@type\":\"ListItem\",\"position\":1,\"name\":\"Portada\",\"item\":\"https:\\\/\\\/malaga.salesianos.edu\\\/colegio\\\/\"},{\"@type\":\"ListItem\",\"position\":2,\"name\":\"La FP Dual da sus frutos\"}]},{\"@type\":\"WebSite\",\"@id\":\"https:\\\/\\\/malaga.salesianos.edu\\\/colegio\\\/#website\",\"url\":\"https:\\\/\\\/malaga.salesianos.edu\\\/colegio\\\/\",\"name\":\"Colegio Concertado San Bartolom\u00e9 | Salesianos M\u00e1laga\",\"description\":\"Centro concertado. Infantil, Primaria, ESO, Bachillerato, Formaci\u00f3n Profesional, Formaci\u00f3n Profesional B\u00e1sica (FPB) y Ciclos Formativos de Grado Medio y Superior.\",\"publisher\":{\"@id\":\"https:\\\/\\\/malaga.salesianos.edu\\\/colegio\\\/#organization\"},\"potentialAction\":[{\"@type\":\"SearchAction\",\"target\":{\"@type\":\"EntryPoint\",\"urlTemplate\":\"https:\\\/\\\/malaga.salesianos.edu\\\/colegio\\\/?s={search_term_string}\"},\"query-input\":{\"@type\":\"PropertyValueSpecification\",\"valueRequired\":true,\"valueName\":\"search_term_string\"}}],\"inLanguage\":\"es\"},{\"@type\":\"Organization\",\"@id\":\"https:\\\/\\\/malaga.salesianos.edu\\\/colegio\\\/#organization\",\"name\":\"Salesianos M\u00e1laga\",\"url\":\"https:\\\/\\\/malaga.salesianos.edu\\\/colegio\\\/\",\"logo\":{\"@type\":\"ImageObject\",\"inLanguage\":\"es\",\"@id\":\"https:\\\/\\\/malaga.salesianos.edu\\\/colegio\\\/#\\\/schema\\\/logo\\\/image\\\/\",\"url\":\"https:\\\/\\\/malaga.salesianos.edu\\\/colegio\\\/wp-content\\\/uploads\\\/sites\\\/2\\\/2018\\\/04\\\/MALAGAobraVN2.jpg\",\"contentUrl\":\"https:\\\/\\\/malaga.salesianos.edu\\\/colegio\\\/wp-content\\\/uploads\\\/sites\\\/2\\\/2018\\\/04\\\/MALAGAobraVN2.jpg\",\"width\":1937,\"height\":1490,\"caption\":\"Salesianos M\u00e1laga\"},\"image\":{\"@id\":\"https:\\\/\\\/malaga.salesianos.edu\\\/colegio\\\/#\\\/schema\\\/logo\\\/image\\\/\"}},{\"@type\":\"Person\",\"@id\":\"\"}]}<\/script>\n<!-- \/ Yoast SEO plugin. -->","yoast_head_json":{"title":"La FP Dual da sus frutos - Colegio Concertado San Bartolom\u00e9 | Salesianos M\u00e1laga","robots":{"index":"index","follow":"follow","max-snippet":"max-snippet:-1","max-image-preview":"max-image-preview:large","max-video-preview":"max-video-preview:-1"},"canonical":"https:\/\/malaga.salesianos.edu\/colegio\/blog\/la-fp-dual-da-sus-frutos\/","og_locale":"es_ES","og_type":"article","og_title":"La FP Dual da sus frutos - Colegio Concertado San Bartolom\u00e9 | Salesianos M\u00e1laga","og_description":"De ser un alumno que participa en un proyecto de FPDual a convertirse en tutor laboral. Eso es lo que le ha ocurrido a \u00d3scar Santos, uno de nuestros alumnos de Gesti\u00f3n Administrativa. Despu\u00e9s de pasar un proceso de selecci\u00f3n, fue uno de los candidatos a participar en el proyecto de FPDual de dicho ciclo [&hellip;]","og_url":"https:\/\/malaga.salesianos.edu\/colegio\/blog\/la-fp-dual-da-sus-frutos\/","og_site_name":"Colegio Concertado San Bartolom\u00e9 | Salesianos M\u00e1laga","article_published_time":"2019-12-20T07:30:44+00:00","article_modified_time":"2019-12-20T07:33:22+00:00","og_image":[{"width":986,"height":809,"url":"https:\/\/malaga.salesianos.edu\/colegio\/wp-content\/uploads\/sites\/2\/2019\/12\/FP_Dual.jpg","type":"image\/jpeg"}],"twitter_card":"summary_large_image","twitter_misc":{"Escrito por":"","Tiempo de lectura":"2 minutos"},"schema":{"@context":"https:\/\/schema.org","@graph":[{"@type":"Article","@id":"https:\/\/malaga.salesianos.edu\/colegio\/blog\/la-fp-dual-da-sus-frutos\/#article","isPartOf":{"@id":"https:\/\/malaga.salesianos.edu\/colegio\/blog\/la-fp-dual-da-sus-frutos\/"},"author":{"name":"","@id":""},"headline":"La FP Dual da sus frutos","datePublished":"2019-12-20T07:30:44+00:00","dateModified":"2019-12-20T07:33:22+00:00","mainEntityOfPage":{"@id":"https:\/\/malaga.salesianos.edu\/colegio\/blog\/la-fp-dual-da-sus-frutos\/"},"wordCount":444,"commentCount":0,"publisher":{"@id":"https:\/\/malaga.salesianos.edu\/colegio\/#organization"},"image":{"@id":"https:\/\/malaga.salesianos.edu\/colegio\/blog\/la-fp-dual-da-sus-frutos\/#primaryimage"},"thumbnailUrl":"https:\/\/malaga.salesianos.edu\/colegio\/wp-content\/uploads\/sites\/2\/2019\/12\/FP_Dual.jpg","articleSection":["Casa","Ciclos Formativos","Colegio","FP Dual"],"inLanguage":"es","potentialAction":[{"@type":"CommentAction","name":"Comment","target":["https:\/\/malaga.salesianos.edu\/colegio\/blog\/la-fp-dual-da-sus-frutos\/#respond"]}]},{"@type":"WebPage","@id":"https:\/\/malaga.salesianos.edu\/colegio\/blog\/la-fp-dual-da-sus-frutos\/","url":"https:\/\/malaga.salesianos.edu\/colegio\/blog\/la-fp-dual-da-sus-frutos\/","name":"La FP Dual da sus frutos - Colegio Concertado San Bartolom\u00e9 | Salesianos M\u00e1laga","isPartOf":{"@id":"https:\/\/malaga.salesianos.edu\/colegio\/#website"},"primaryImageOfPage":{"@id":"https:\/\/malaga.salesianos.edu\/colegio\/blog\/la-fp-dual-da-sus-frutos\/#primaryimage"},"image":{"@id":"https:\/\/malaga.salesianos.edu\/colegio\/blog\/la-fp-dual-da-sus-frutos\/#primaryimage"},"thumbnailUrl":"https:\/\/malaga.salesianos.edu\/colegio\/wp-content\/uploads\/sites\/2\/2019\/12\/FP_Dual.jpg","datePublished":"2019-12-20T07:30:44+00:00","dateModified":"2019-12-20T07:33:22+00:00","breadcrumb":{"@id":"https:\/\/malaga.salesianos.edu\/colegio\/blog\/la-fp-dual-da-sus-frutos\/#breadcrumb"},"inLanguage":"es","potentialAction":[{"@type":"ReadAction","target":["https:\/\/malaga.salesianos.edu\/colegio\/blog\/la-fp-dual-da-sus-frutos\/"]}]},{"@type":"ImageObject","inLanguage":"es","@id":"https:\/\/malaga.salesianos.edu\/colegio\/blog\/la-fp-dual-da-sus-frutos\/#primaryimage","url":"https:\/\/malaga.salesianos.edu\/colegio\/wp-content\/uploads\/sites\/2\/2019\/12\/FP_Dual.jpg","contentUrl":"https:\/\/malaga.salesianos.edu\/colegio\/wp-content\/uploads\/sites\/2\/2019\/12\/FP_Dual.jpg","width":986,"height":809},{"@type":"BreadcrumbList","@id":"https:\/\/malaga.salesianos.edu\/colegio\/blog\/la-fp-dual-da-sus-frutos\/#breadcrumb","itemListElement":[{"@type":"ListItem","position":1,"name":"Portada","item":"https:\/\/malaga.salesianos.edu\/colegio\/"},{"@type":"ListItem","position":2,"name":"La FP Dual da sus frutos"}]},{"@type":"WebSite","@id":"https:\/\/malaga.salesianos.edu\/colegio\/#website","url":"https:\/\/malaga.salesianos.edu\/colegio\/","name":"Colegio Concertado San Bartolom\u00e9 | Salesianos M\u00e1laga","description":"Centro concertado. Infantil, Primaria, ESO, Bachillerato, Formaci\u00f3n Profesional, Formaci\u00f3n Profesional B\u00e1sica (FPB) y Ciclos Formativos de Grado Medio y Superior.","publisher":{"@id":"https:\/\/malaga.salesianos.edu\/colegio\/#organization"},"potentialAction":[{"@type":"SearchAction","target":{"@type":"EntryPoint","urlTemplate":"https:\/\/malaga.salesianos.edu\/colegio\/?s={search_term_string}"},"query-input":{"@type":"PropertyValueSpecification","valueRequired":true,"valueName":"search_term_string"}}],"inLanguage":"es"},{"@type":"Organization","@id":"https:\/\/malaga.salesianos.edu\/colegio\/#organization","name":"Salesianos M\u00e1laga","url":"https:\/\/malaga.salesianos.edu\/colegio\/","logo":{"@type":"ImageObject","inLanguage":"es","@id":"https:\/\/malaga.salesianos.edu\/colegio\/#\/schema\/logo\/image\/","url":"https:\/\/malaga.salesianos.edu\/colegio\/wp-content\/uploads\/sites\/2\/2018\/04\/MALAGAobraVN2.jpg","contentUrl":"https:\/\/malaga.salesianos.edu\/colegio\/wp-content\/uploads\/sites\/2\/2018\/04\/MALAGAobraVN2.jpg","width":1937,"height":1490,"caption":"Salesianos M\u00e1laga"},"image":{"@id":"https:\/\/malaga.salesianos.edu\/colegio\/#\/schema\/logo\/image\/"}},{"@type":"Person","@id":""}]}},"_links":{"self":[{"href":"https:\/\/malaga.salesianos.edu\/colegio\/wp-json\/wp\/v2\/posts\/19665","targetHints":{"allow":["GET"]}}],"collection":[{"href":"https:\/\/malaga.salesianos.edu\/colegio\/wp-json\/wp\/v2\/posts"}],"about":[{"href":"https:\/\/malaga.salesianos.edu\/colegio\/wp-json\/wp\/v2\/types\/post"}],"author":[{"embeddable":true,"href":"https:\/\/malaga.salesianos.edu\/colegio\/wp-json\/wp\/v2\/users\/27"}],"replies":[{"embeddable":true,"href":"https:\/\/malaga.salesianos.edu\/colegio\/wp-json\/wp\/v2\/comments?post=19665"}],"version-history":[{"count":2,"href":"https:\/\/malaga.salesianos.edu\/colegio\/wp-json\/wp\/v2\/posts\/19665\/revisions"}],"predecessor-version":[{"id":19668,"href":"https:\/\/malaga.salesianos.edu\/colegio\/wp-json\/wp\/v2\/posts\/19665\/revisions\/19668"}],"wp:featuredmedia":[{"embeddable":true,"href":"https:\/\/malaga.salesianos.edu\/colegio\/wp-json\/wp\/v2\/media\/19666"}],"wp:attachment":[{"href":"https:\/\/malaga.salesianos.edu\/colegio\/wp-json\/wp\/v2\/media?parent=19665"}],"wp:term":[{"taxonomy":"category","embeddable":true,"href":"https:\/\/malaga.salesianos.edu\/colegio\/wp-json\/wp\/v2\/categories?post=19665"},{"taxonomy":"post_tag","embeddable":true,"href":"https:\/\/malaga.salesianos.edu\/colegio\/wp-json\/wp\/v2\/tags?post=19665"}],"curies":[{"name":"wp","href":"https:\/\/api.w.org\/{rel}","templated":true}]}}