{"id":19295,"date":"2019-10-08T11:52:19","date_gmt":"2019-10-08T09:52:19","guid":{"rendered":"https:\/\/malaga.salesianos.edu\/colegio\/blog\/fallece-agustin-hernandez-sanchez-salesiano-sacerdote\/"},"modified":"2019-10-08T11:52:20","modified_gmt":"2019-10-08T09:52:20","slug":"fallece-agustin-hernandez-sanchez-salesiano-sacerdote","status":"publish","type":"post","link":"https:\/\/malaga.salesianos.edu\/colegio\/blog\/fallece-agustin-hernandez-sanchez-salesiano-sacerdote\/","title":{"rendered":"Fallece Agust\u00edn Hern\u00e1ndez S\u00e1nchez, salesiano sacerdote"},"content":{"rendered":"<p>[et_pb_section fb_built=\u00bb1&#8243; admin_label=\u00bbsection\u00bb _builder_version=\u00bb3.22.3&#8243; custom_padding=\u00bb2px|0px|54px|0px\u00bb bb_built=\u00bb1&#8243; _i=\u00bb0&#8243; _address=\u00bb0&#8243;][et_pb_row admin_label=\u00bbrow\u00bb _builder_version=\u00bb3.25&#8243; background_size=\u00bbinitial\u00bb background_position=\u00bbtop_left\u00bb background_repeat=\u00bbrepeat\u00bb _i=\u00bb0&#8243; _address=\u00bb0.0&#8243;][et_pb_column type=\u00bb4_4&#8243; _builder_version=\u00bb3.25&#8243; custom_padding=\u00bb|||\u00bb _i=\u00bb0&#8243; _address=\u00bb0.0.0&#8243; custom_padding__hover=\u00bb|||\u00bb][et_pb_text admin_label=\u00bbEntradilla\u00bb _builder_version=\u00bb3.27.4&#8243; text_font=\u00bb|on|||\u00bb text_orientation=\u00bbjustified\u00bb use_border_color=\u00bboff\u00bb border_color=\u00bb#ffffff\u00bb border_style=\u00bbsolid\u00bb _i=\u00bb0&#8243; _address=\u00bb0.0.0.0&#8243;]<\/p>\n<p><em><strong>T<span>en\u00eda 91 a\u00f1os de edad y hab\u00eda cumplido los 75 de salesiano y los 64 de sacerdote<\/span>.<\/strong><\/em><\/p>\n<hr \/>\n<p>[\/et_pb_text][et_pb_text admin_label=\u00bbDesarrollo\u00bb _builder_version=\u00bb3.27.4&#8243; text_orientation=\u00bbjustified\u00bb use_border_color=\u00bboff\u00bb border_color=\u00bb#ffffff\u00bb border_style=\u00bbsolid\u00bb _i=\u00bb1&#8243; _address=\u00bb0.0.0.1&#8243;]<\/p>\n<p><img loading=\"lazy\" decoding=\"async\" src=\"https:\/\/malaga.salesianos.edu\/colegio\/wp-content\/uploads\/sites\/2\/2019\/10\/DonAgustin-204x300.jpg\" alt=\"\" class=\"wp-image-19296 alignleft size-medium\" width=\"204\" height=\"300\" \/>El s\u00e1bado 5 de octubre falleci\u00f3 el hermano salesiano sacerdote Agust\u00edn Hern\u00e1ndez S\u00e1nchez. Ten\u00eda 91 a\u00f1os de edad y hab\u00eda cumplido los 75 de salesiano y los 64 de sacerdote.<\/p>\n<p>El funeral se celebr\u00f3 el domingo 6 de octubre a las 9:00 en el Santuario de M\u00aa Auxiliadora de nuestra casa. Posteriormente, los restos mortales fueron llevados a Sevilla para ser inhumados en el pante\u00f3n salesiano del cementerio de San Fernando. Un gran n\u00famero de personas visitaron el s\u00e1bado por la tarde la capilla ardiente, instalada en nuestro centro, para decir adi\u00f3s a este gran salesiano.<\/p>\n<p>Don Agust\u00edn naci\u00f3 en Serradilla del Llano (Salamanca), el 28 de agosto de 1928. Hizo el noviciado en San Jos\u00e9 del Valle, donde profes\u00f3 el 16 de agosto de 1944. Estudi\u00f3 la filosof\u00eda en Utrera-Consolaci\u00f3n (1944-46) y realiz\u00f3 el tirocinio en Montilla (1946-48) y en Antequera (1948-49). Despu\u00e9s de dos a\u00f1os con problemas de salud en Ronda (1949-51) curs\u00f3 los estudios de teolog\u00eda en Madrid-Carabanchel (1951-55), siendo ordenado sacerdote en Madrid el 26 de junio de 1955.<\/p>\n<p>Desde entonces su labor pastoral se desarroll\u00f3 en Ronda (1955-69), y, tras dos a\u00f1os de estudios de la teolog\u00eda espiritual en Roma (1969-71), en \u00dabeda (1971-72), C\u00f3rdoba (1972-73 y 2000-03), M\u00e1laga (1973-79), Las Palmas de Gran Canaria (1979-80), La Laguna (1980-87), Palma del R\u00edo (1987-94), y de nuevo en M\u00e1laga, desde 2003 hasta hoy, d\u00eda de su fallecimiento.<\/p>\n<p>Durante sus a\u00f1os en M\u00e1laga, ha sido para nosotros un testimonio de vida y un ejemplo de entrega. Bueno y generoso, su sencillez, cari\u00f1o, paciencia y templanza ha dejado, sin duda, huella en todos nosotros.<\/p>\n<p>Que el Se\u00f1or Resucitado acoja con ternura a nuestro hermano Agust\u00edn entre todos aquellos que han entregado su vida a la misi\u00f3n salesiana; y que Mar\u00eda Auxiliadora, a la que tanto am\u00f3, lo acoja con el cari\u00f1o de Buena Madre del cielo.<\/p>\n<p>Que descanse en paz.<\/p>\n<p><strong><\/strong><\/p>\n<p>[\/et_pb_text][\/et_pb_column][\/et_pb_row][\/et_pb_section]<\/p>\n","protected":false},"excerpt":{"rendered":"<p>Ten\u00eda 91 a\u00f1os de edad y hab\u00eda cumplido los 75 de salesiano y los 64 de sacerdote. El s\u00e1bado 5 de octubre falleci\u00f3 el hermano salesiano sacerdote Agust\u00edn Hern\u00e1ndez S\u00e1nchez. Ten\u00eda 91 a\u00f1os de edad y hab\u00eda cumplido los 75 de salesiano y los 64 de sacerdote. El funeral se celebr\u00f3 el domingo 6 de [&hellip;]<\/p>\n","protected":false},"author":2,"featured_media":0,"comment_status":"open","ping_status":"open","sticky":false,"template":"","format":"standard","meta":{"_et_pb_use_builder":"on","_et_pb_old_content":"","_et_gb_content_width":"","footnotes":""},"categories":[126,128],"tags":[],"class_list":["post-19295","post","type-post","status-publish","format-standard","hentry","category-casa","category-familia-salesiana"],"yoast_head":"<!-- This site is optimized with the Yoast SEO plugin v28.3 - https:\/\/yoast.com\/product\/yoast-seo-wordpress\/ -->\n<title>Fallece Agust\u00edn Hern\u00e1ndez S\u00e1nchez, salesiano sacerdote - Colegio Concertado San Bartolom\u00e9 | Salesianos M\u00e1laga<\/title>\n<meta name=\"robots\" content=\"index, follow, max-snippet:-1, max-image-preview:large, max-video-preview:-1\" \/>\n<link rel=\"canonical\" href=\"https:\/\/malaga.salesianos.edu\/colegio\/blog\/fallece-agustin-hernandez-sanchez-salesiano-sacerdote\/\" \/>\n<meta property=\"og:locale\" content=\"es_ES\" \/>\n<meta property=\"og:type\" content=\"article\" \/>\n<meta property=\"og:title\" content=\"Fallece Agust\u00edn Hern\u00e1ndez S\u00e1nchez, salesiano sacerdote - Colegio Concertado San Bartolom\u00e9 | Salesianos M\u00e1laga\" \/>\n<meta property=\"og:description\" content=\"Ten\u00eda 91 a\u00f1os de edad y hab\u00eda cumplido los 75 de salesiano y los 64 de sacerdote. El s\u00e1bado 5 de octubre falleci\u00f3 el hermano salesiano sacerdote Agust\u00edn Hern\u00e1ndez S\u00e1nchez. Ten\u00eda 91 a\u00f1os de edad y hab\u00eda cumplido los 75 de salesiano y los 64 de sacerdote. El funeral se celebr\u00f3 el domingo 6 de [&hellip;]\" \/>\n<meta property=\"og:url\" content=\"https:\/\/malaga.salesianos.edu\/colegio\/blog\/fallece-agustin-hernandez-sanchez-salesiano-sacerdote\/\" \/>\n<meta property=\"og:site_name\" content=\"Colegio Concertado San Bartolom\u00e9 | Salesianos M\u00e1laga\" \/>\n<meta property=\"article:published_time\" content=\"2019-10-08T09:52:19+00:00\" \/>\n<meta property=\"article:modified_time\" content=\"2019-10-08T09:52:20+00:00\" \/>\n<meta property=\"og:image\" content=\"https:\/\/malaga.salesianos.edu\/colegio\/wp-content\/uploads\/sites\/2\/2019\/10\/DonAgustin-204x300.jpg\" \/>\n<meta name=\"author\" content=\"Comunicaci\u00f3n MLG\" \/>\n<meta name=\"twitter:card\" content=\"summary_large_image\" \/>\n<meta name=\"twitter:label1\" content=\"Escrito por\" \/>\n\t<meta name=\"twitter:data1\" content=\"Comunicaci\u00f3n MLG\" \/>\n\t<meta name=\"twitter:label2\" content=\"Tiempo de lectura\" \/>\n\t<meta name=\"twitter:data2\" content=\"2 minutos\" \/>\n<script type=\"application\/ld+json\" class=\"yoast-schema-graph\">{\"@context\":\"https:\\\/\\\/schema.org\",\"@graph\":[{\"@type\":\"Article\",\"@id\":\"https:\\\/\\\/malaga.salesianos.edu\\\/colegio\\\/blog\\\/fallece-agustin-hernandez-sanchez-salesiano-sacerdote\\\/#article\",\"isPartOf\":{\"@id\":\"https:\\\/\\\/malaga.salesianos.edu\\\/colegio\\\/blog\\\/fallece-agustin-hernandez-sanchez-salesiano-sacerdote\\\/\"},\"author\":{\"name\":\"Comunicaci\u00f3n MLG\",\"@id\":\"https:\\\/\\\/malaga.salesianos.edu\\\/colegio\\\/#\\\/schema\\\/person\\\/fd7e7b338b40e1c817a659fe5fce718b\"},\"headline\":\"Fallece Agust\u00edn Hern\u00e1ndez S\u00e1nchez, salesiano sacerdote\",\"datePublished\":\"2019-10-08T09:52:19+00:00\",\"dateModified\":\"2019-10-08T09:52:20+00:00\",\"mainEntityOfPage\":{\"@id\":\"https:\\\/\\\/malaga.salesianos.edu\\\/colegio\\\/blog\\\/fallece-agustin-hernandez-sanchez-salesiano-sacerdote\\\/\"},\"wordCount\":474,\"commentCount\":0,\"publisher\":{\"@id\":\"https:\\\/\\\/malaga.salesianos.edu\\\/colegio\\\/#organization\"},\"image\":{\"@id\":\"https:\\\/\\\/malaga.salesianos.edu\\\/colegio\\\/blog\\\/fallece-agustin-hernandez-sanchez-salesiano-sacerdote\\\/#primaryimage\"},\"thumbnailUrl\":\"https:\\\/\\\/malaga.salesianos.edu\\\/colegio\\\/wp-content\\\/uploads\\\/sites\\\/2\\\/2019\\\/10\\\/DonAgustin-204x300.jpg\",\"articleSection\":[\"Casa\",\"Familia Salesiana\"],\"inLanguage\":\"es\",\"potentialAction\":[{\"@type\":\"CommentAction\",\"name\":\"Comment\",\"target\":[\"https:\\\/\\\/malaga.salesianos.edu\\\/colegio\\\/blog\\\/fallece-agustin-hernandez-sanchez-salesiano-sacerdote\\\/#respond\"]}]},{\"@type\":\"WebPage\",\"@id\":\"https:\\\/\\\/malaga.salesianos.edu\\\/colegio\\\/blog\\\/fallece-agustin-hernandez-sanchez-salesiano-sacerdote\\\/\",\"url\":\"https:\\\/\\\/malaga.salesianos.edu\\\/colegio\\\/blog\\\/fallece-agustin-hernandez-sanchez-salesiano-sacerdote\\\/\",\"name\":\"Fallece Agust\u00edn Hern\u00e1ndez S\u00e1nchez, salesiano sacerdote - Colegio Concertado San Bartolom\u00e9 | Salesianos M\u00e1laga\",\"isPartOf\":{\"@id\":\"https:\\\/\\\/malaga.salesianos.edu\\\/colegio\\\/#website\"},\"primaryImageOfPage\":{\"@id\":\"https:\\\/\\\/malaga.salesianos.edu\\\/colegio\\\/blog\\\/fallece-agustin-hernandez-sanchez-salesiano-sacerdote\\\/#primaryimage\"},\"image\":{\"@id\":\"https:\\\/\\\/malaga.salesianos.edu\\\/colegio\\\/blog\\\/fallece-agustin-hernandez-sanchez-salesiano-sacerdote\\\/#primaryimage\"},\"thumbnailUrl\":\"https:\\\/\\\/malaga.salesianos.edu\\\/colegio\\\/wp-content\\\/uploads\\\/sites\\\/2\\\/2019\\\/10\\\/DonAgustin-204x300.jpg\",\"datePublished\":\"2019-10-08T09:52:19+00:00\",\"dateModified\":\"2019-10-08T09:52:20+00:00\",\"breadcrumb\":{\"@id\":\"https:\\\/\\\/malaga.salesianos.edu\\\/colegio\\\/blog\\\/fallece-agustin-hernandez-sanchez-salesiano-sacerdote\\\/#breadcrumb\"},\"inLanguage\":\"es\",\"potentialAction\":[{\"@type\":\"ReadAction\",\"target\":[\"https:\\\/\\\/malaga.salesianos.edu\\\/colegio\\\/blog\\\/fallece-agustin-hernandez-sanchez-salesiano-sacerdote\\\/\"]}]},{\"@type\":\"ImageObject\",\"inLanguage\":\"es\",\"@id\":\"https:\\\/\\\/malaga.salesianos.edu\\\/colegio\\\/blog\\\/fallece-agustin-hernandez-sanchez-salesiano-sacerdote\\\/#primaryimage\",\"url\":\"https:\\\/\\\/malaga.salesianos.edu\\\/colegio\\\/wp-content\\\/uploads\\\/sites\\\/2\\\/2019\\\/10\\\/DonAgustin.jpg\",\"contentUrl\":\"https:\\\/\\\/malaga.salesianos.edu\\\/colegio\\\/wp-content\\\/uploads\\\/sites\\\/2\\\/2019\\\/10\\\/DonAgustin.jpg\",\"width\":612,\"height\":900},{\"@type\":\"BreadcrumbList\",\"@id\":\"https:\\\/\\\/malaga.salesianos.edu\\\/colegio\\\/blog\\\/fallece-agustin-hernandez-sanchez-salesiano-sacerdote\\\/#breadcrumb\",\"itemListElement\":[{\"@type\":\"ListItem\",\"position\":1,\"name\":\"Portada\",\"item\":\"https:\\\/\\\/malaga.salesianos.edu\\\/colegio\\\/\"},{\"@type\":\"ListItem\",\"position\":2,\"name\":\"Fallece Agust\u00edn Hern\u00e1ndez S\u00e1nchez, salesiano sacerdote\"}]},{\"@type\":\"WebSite\",\"@id\":\"https:\\\/\\\/malaga.salesianos.edu\\\/colegio\\\/#website\",\"url\":\"https:\\\/\\\/malaga.salesianos.edu\\\/colegio\\\/\",\"name\":\"Colegio Concertado San Bartolom\u00e9 | Salesianos M\u00e1laga\",\"description\":\"Centro concertado. Infantil, Primaria, ESO, Bachillerato, Formaci\u00f3n Profesional, Formaci\u00f3n Profesional B\u00e1sica (FPB) y Ciclos Formativos de Grado Medio y Superior.\",\"publisher\":{\"@id\":\"https:\\\/\\\/malaga.salesianos.edu\\\/colegio\\\/#organization\"},\"potentialAction\":[{\"@type\":\"SearchAction\",\"target\":{\"@type\":\"EntryPoint\",\"urlTemplate\":\"https:\\\/\\\/malaga.salesianos.edu\\\/colegio\\\/?s={search_term_string}\"},\"query-input\":{\"@type\":\"PropertyValueSpecification\",\"valueRequired\":true,\"valueName\":\"search_term_string\"}}],\"inLanguage\":\"es\"},{\"@type\":\"Organization\",\"@id\":\"https:\\\/\\\/malaga.salesianos.edu\\\/colegio\\\/#organization\",\"name\":\"Salesianos M\u00e1laga\",\"url\":\"https:\\\/\\\/malaga.salesianos.edu\\\/colegio\\\/\",\"logo\":{\"@type\":\"ImageObject\",\"inLanguage\":\"es\",\"@id\":\"https:\\\/\\\/malaga.salesianos.edu\\\/colegio\\\/#\\\/schema\\\/logo\\\/image\\\/\",\"url\":\"https:\\\/\\\/malaga.salesianos.edu\\\/colegio\\\/wp-content\\\/uploads\\\/sites\\\/2\\\/2018\\\/04\\\/MALAGAobraVN2.jpg\",\"contentUrl\":\"https:\\\/\\\/malaga.salesianos.edu\\\/colegio\\\/wp-content\\\/uploads\\\/sites\\\/2\\\/2018\\\/04\\\/MALAGAobraVN2.jpg\",\"width\":1937,\"height\":1490,\"caption\":\"Salesianos M\u00e1laga\"},\"image\":{\"@id\":\"https:\\\/\\\/malaga.salesianos.edu\\\/colegio\\\/#\\\/schema\\\/logo\\\/image\\\/\"}},{\"@type\":\"Person\",\"@id\":\"https:\\\/\\\/malaga.salesianos.edu\\\/colegio\\\/#\\\/schema\\\/person\\\/fd7e7b338b40e1c817a659fe5fce718b\",\"name\":\"Comunicaci\u00f3n MLG\",\"image\":{\"@type\":\"ImageObject\",\"inLanguage\":\"es\",\"@id\":\"https:\\\/\\\/secure.gravatar.com\\\/avatar\\\/2ce5c66be6c7ab6b098b2ac29099a68d1cdb824afbb8aadf744614ce719778ff?s=96&d=mm&r=g\",\"url\":\"https:\\\/\\\/secure.gravatar.com\\\/avatar\\\/2ce5c66be6c7ab6b098b2ac29099a68d1cdb824afbb8aadf744614ce719778ff?s=96&d=mm&r=g\",\"contentUrl\":\"https:\\\/\\\/secure.gravatar.com\\\/avatar\\\/2ce5c66be6c7ab6b098b2ac29099a68d1cdb824afbb8aadf744614ce719778ff?s=96&d=mm&r=g\",\"caption\":\"Comunicaci\u00f3n MLG\"}}]}<\/script>\n<!-- \/ Yoast SEO plugin. -->","yoast_head_json":{"title":"Fallece Agust\u00edn Hern\u00e1ndez S\u00e1nchez, salesiano sacerdote - Colegio Concertado San Bartolom\u00e9 | Salesianos M\u00e1laga","robots":{"index":"index","follow":"follow","max-snippet":"max-snippet:-1","max-image-preview":"max-image-preview:large","max-video-preview":"max-video-preview:-1"},"canonical":"https:\/\/malaga.salesianos.edu\/colegio\/blog\/fallece-agustin-hernandez-sanchez-salesiano-sacerdote\/","og_locale":"es_ES","og_type":"article","og_title":"Fallece Agust\u00edn Hern\u00e1ndez S\u00e1nchez, salesiano sacerdote - Colegio Concertado San Bartolom\u00e9 | Salesianos M\u00e1laga","og_description":"Ten\u00eda 91 a\u00f1os de edad y hab\u00eda cumplido los 75 de salesiano y los 64 de sacerdote. El s\u00e1bado 5 de octubre falleci\u00f3 el hermano salesiano sacerdote Agust\u00edn Hern\u00e1ndez S\u00e1nchez. Ten\u00eda 91 a\u00f1os de edad y hab\u00eda cumplido los 75 de salesiano y los 64 de sacerdote. El funeral se celebr\u00f3 el domingo 6 de [&hellip;]","og_url":"https:\/\/malaga.salesianos.edu\/colegio\/blog\/fallece-agustin-hernandez-sanchez-salesiano-sacerdote\/","og_site_name":"Colegio Concertado San Bartolom\u00e9 | Salesianos M\u00e1laga","article_published_time":"2019-10-08T09:52:19+00:00","article_modified_time":"2019-10-08T09:52:20+00:00","og_image":[{"url":"https:\/\/malaga.salesianos.edu\/colegio\/wp-content\/uploads\/sites\/2\/2019\/10\/DonAgustin-204x300.jpg","type":"","width":"","height":""}],"author":"Comunicaci\u00f3n MLG","twitter_card":"summary_large_image","twitter_misc":{"Escrito por":"Comunicaci\u00f3n MLG","Tiempo de lectura":"2 minutos"},"schema":{"@context":"https:\/\/schema.org","@graph":[{"@type":"Article","@id":"https:\/\/malaga.salesianos.edu\/colegio\/blog\/fallece-agustin-hernandez-sanchez-salesiano-sacerdote\/#article","isPartOf":{"@id":"https:\/\/malaga.salesianos.edu\/colegio\/blog\/fallece-agustin-hernandez-sanchez-salesiano-sacerdote\/"},"author":{"name":"Comunicaci\u00f3n MLG","@id":"https:\/\/malaga.salesianos.edu\/colegio\/#\/schema\/person\/fd7e7b338b40e1c817a659fe5fce718b"},"headline":"Fallece Agust\u00edn Hern\u00e1ndez S\u00e1nchez, salesiano sacerdote","datePublished":"2019-10-08T09:52:19+00:00","dateModified":"2019-10-08T09:52:20+00:00","mainEntityOfPage":{"@id":"https:\/\/malaga.salesianos.edu\/colegio\/blog\/fallece-agustin-hernandez-sanchez-salesiano-sacerdote\/"},"wordCount":474,"commentCount":0,"publisher":{"@id":"https:\/\/malaga.salesianos.edu\/colegio\/#organization"},"image":{"@id":"https:\/\/malaga.salesianos.edu\/colegio\/blog\/fallece-agustin-hernandez-sanchez-salesiano-sacerdote\/#primaryimage"},"thumbnailUrl":"https:\/\/malaga.salesianos.edu\/colegio\/wp-content\/uploads\/sites\/2\/2019\/10\/DonAgustin-204x300.jpg","articleSection":["Casa","Familia Salesiana"],"inLanguage":"es","potentialAction":[{"@type":"CommentAction","name":"Comment","target":["https:\/\/malaga.salesianos.edu\/colegio\/blog\/fallece-agustin-hernandez-sanchez-salesiano-sacerdote\/#respond"]}]},{"@type":"WebPage","@id":"https:\/\/malaga.salesianos.edu\/colegio\/blog\/fallece-agustin-hernandez-sanchez-salesiano-sacerdote\/","url":"https:\/\/malaga.salesianos.edu\/colegio\/blog\/fallece-agustin-hernandez-sanchez-salesiano-sacerdote\/","name":"Fallece Agust\u00edn Hern\u00e1ndez S\u00e1nchez, salesiano sacerdote - Colegio Concertado San Bartolom\u00e9 | Salesianos M\u00e1laga","isPartOf":{"@id":"https:\/\/malaga.salesianos.edu\/colegio\/#website"},"primaryImageOfPage":{"@id":"https:\/\/malaga.salesianos.edu\/colegio\/blog\/fallece-agustin-hernandez-sanchez-salesiano-sacerdote\/#primaryimage"},"image":{"@id":"https:\/\/malaga.salesianos.edu\/colegio\/blog\/fallece-agustin-hernandez-sanchez-salesiano-sacerdote\/#primaryimage"},"thumbnailUrl":"https:\/\/malaga.salesianos.edu\/colegio\/wp-content\/uploads\/sites\/2\/2019\/10\/DonAgustin-204x300.jpg","datePublished":"2019-10-08T09:52:19+00:00","dateModified":"2019-10-08T09:52:20+00:00","breadcrumb":{"@id":"https:\/\/malaga.salesianos.edu\/colegio\/blog\/fallece-agustin-hernandez-sanchez-salesiano-sacerdote\/#breadcrumb"},"inLanguage":"es","potentialAction":[{"@type":"ReadAction","target":["https:\/\/malaga.salesianos.edu\/colegio\/blog\/fallece-agustin-hernandez-sanchez-salesiano-sacerdote\/"]}]},{"@type":"ImageObject","inLanguage":"es","@id":"https:\/\/malaga.salesianos.edu\/colegio\/blog\/fallece-agustin-hernandez-sanchez-salesiano-sacerdote\/#primaryimage","url":"https:\/\/malaga.salesianos.edu\/colegio\/wp-content\/uploads\/sites\/2\/2019\/10\/DonAgustin.jpg","contentUrl":"https:\/\/malaga.salesianos.edu\/colegio\/wp-content\/uploads\/sites\/2\/2019\/10\/DonAgustin.jpg","width":612,"height":900},{"@type":"BreadcrumbList","@id":"https:\/\/malaga.salesianos.edu\/colegio\/blog\/fallece-agustin-hernandez-sanchez-salesiano-sacerdote\/#breadcrumb","itemListElement":[{"@type":"ListItem","position":1,"name":"Portada","item":"https:\/\/malaga.salesianos.edu\/colegio\/"},{"@type":"ListItem","position":2,"name":"Fallece Agust\u00edn Hern\u00e1ndez S\u00e1nchez, salesiano sacerdote"}]},{"@type":"WebSite","@id":"https:\/\/malaga.salesianos.edu\/colegio\/#website","url":"https:\/\/malaga.salesianos.edu\/colegio\/","name":"Colegio Concertado San Bartolom\u00e9 | Salesianos M\u00e1laga","description":"Centro concertado. Infantil, Primaria, ESO, Bachillerato, Formaci\u00f3n Profesional, Formaci\u00f3n Profesional B\u00e1sica (FPB) y Ciclos Formativos de Grado Medio y Superior.","publisher":{"@id":"https:\/\/malaga.salesianos.edu\/colegio\/#organization"},"potentialAction":[{"@type":"SearchAction","target":{"@type":"EntryPoint","urlTemplate":"https:\/\/malaga.salesianos.edu\/colegio\/?s={search_term_string}"},"query-input":{"@type":"PropertyValueSpecification","valueRequired":true,"valueName":"search_term_string"}}],"inLanguage":"es"},{"@type":"Organization","@id":"https:\/\/malaga.salesianos.edu\/colegio\/#organization","name":"Salesianos M\u00e1laga","url":"https:\/\/malaga.salesianos.edu\/colegio\/","logo":{"@type":"ImageObject","inLanguage":"es","@id":"https:\/\/malaga.salesianos.edu\/colegio\/#\/schema\/logo\/image\/","url":"https:\/\/malaga.salesianos.edu\/colegio\/wp-content\/uploads\/sites\/2\/2018\/04\/MALAGAobraVN2.jpg","contentUrl":"https:\/\/malaga.salesianos.edu\/colegio\/wp-content\/uploads\/sites\/2\/2018\/04\/MALAGAobraVN2.jpg","width":1937,"height":1490,"caption":"Salesianos M\u00e1laga"},"image":{"@id":"https:\/\/malaga.salesianos.edu\/colegio\/#\/schema\/logo\/image\/"}},{"@type":"Person","@id":"https:\/\/malaga.salesianos.edu\/colegio\/#\/schema\/person\/fd7e7b338b40e1c817a659fe5fce718b","name":"Comunicaci\u00f3n MLG","image":{"@type":"ImageObject","inLanguage":"es","@id":"https:\/\/secure.gravatar.com\/avatar\/2ce5c66be6c7ab6b098b2ac29099a68d1cdb824afbb8aadf744614ce719778ff?s=96&d=mm&r=g","url":"https:\/\/secure.gravatar.com\/avatar\/2ce5c66be6c7ab6b098b2ac29099a68d1cdb824afbb8aadf744614ce719778ff?s=96&d=mm&r=g","contentUrl":"https:\/\/secure.gravatar.com\/avatar\/2ce5c66be6c7ab6b098b2ac29099a68d1cdb824afbb8aadf744614ce719778ff?s=96&d=mm&r=g","caption":"Comunicaci\u00f3n MLG"}}]}},"_links":{"self":[{"href":"https:\/\/malaga.salesianos.edu\/colegio\/wp-json\/wp\/v2\/posts\/19295","targetHints":{"allow":["GET"]}}],"collection":[{"href":"https:\/\/malaga.salesianos.edu\/colegio\/wp-json\/wp\/v2\/posts"}],"about":[{"href":"https:\/\/malaga.salesianos.edu\/colegio\/wp-json\/wp\/v2\/types\/post"}],"author":[{"embeddable":true,"href":"https:\/\/malaga.salesianos.edu\/colegio\/wp-json\/wp\/v2\/users\/2"}],"replies":[{"embeddable":true,"href":"https:\/\/malaga.salesianos.edu\/colegio\/wp-json\/wp\/v2\/comments?post=19295"}],"version-history":[{"count":1,"href":"https:\/\/malaga.salesianos.edu\/colegio\/wp-json\/wp\/v2\/posts\/19295\/revisions"}],"predecessor-version":[{"id":19297,"href":"https:\/\/malaga.salesianos.edu\/colegio\/wp-json\/wp\/v2\/posts\/19295\/revisions\/19297"}],"wp:attachment":[{"href":"https:\/\/malaga.salesianos.edu\/colegio\/wp-json\/wp\/v2\/media?parent=19295"}],"wp:term":[{"taxonomy":"category","embeddable":true,"href":"https:\/\/malaga.salesianos.edu\/colegio\/wp-json\/wp\/v2\/categories?post=19295"},{"taxonomy":"post_tag","embeddable":true,"href":"https:\/\/malaga.salesianos.edu\/colegio\/wp-json\/wp\/v2\/tags?post=19295"}],"curies":[{"name":"wp","href":"https:\/\/api.w.org\/{rel}","templated":true}]}}