{"id":18807,"date":"2019-06-06T19:26:53","date_gmt":"2019-06-06T17:26:53","guid":{"rendered":"https:\/\/malaga.salesianos.edu\/colegio\/blog\/visita-al-aula-de-la-naturaleza-las-contadoras\/"},"modified":"2019-06-07T06:34:20","modified_gmt":"2019-06-07T04:34:20","slug":"visita-al-aula-de-la-naturaleza-las-contadoras","status":"publish","type":"post","link":"https:\/\/malaga.salesianos.edu\/colegio\/blog\/visita-al-aula-de-la-naturaleza-las-contadoras\/","title":{"rendered":"Visita al Aula de la Naturaleza Las Contadoras"},"content":{"rendered":"<p>[et_pb_section fb_built=\u00bb1&#8243; admin_label=\u00bbsection\u00bb _builder_version=\u00bb3.22.3&#8243; custom_padding=\u00bb2px|0px|54px|0px\u00bb][et_pb_row admin_label=\u00bbrow\u00bb _builder_version=\u00bb3.22.3&#8243; background_size=\u00bbinitial\u00bb background_position=\u00bbtop_left\u00bb background_repeat=\u00bbrepeat\u00bb][et_pb_column type=\u00bb4_4&#8243; _builder_version=\u00bb3.0.47&#8243;][et_pb_text admin_label=\u00bbDesarrollo\u00bb _builder_version=\u00bb3.22.7&#8243; text_orientation=\u00bbjustified\u00bb z_index_tablet=\u00bb500&#8243; use_border_color=\u00bboff\u00bb border_color=\u00bb#ffffff\u00bb border_style=\u00bbsolid\u00bb]<\/p>\n<p><em><strong>El pasado 4 de junio, el alumnado de 2\u00ba ciclo de Educaci\u00f3n Primaria visit\u00f3 el Aula de la Naturaleza \u201cLas Contadoras\u201d, situada en el Parque Natural Montes de M\u00e1laga.<\/strong><\/em><\/p>\n<p>El <a href=\"https:\/\/www.contadoras.org\/\"><strong>Aula de la Naruraleza \u00abLas Contadoras\u00bb<\/strong><\/a> es un lugar privilegiado, situado a unos 17 kil\u00f3metros de M\u00e1laga y a unos 800 metros de altura.<\/p>\n<p>El alumnado pas\u00f3 una maravillosa ma\u00f1ana en contacto con la naturaleza, donde tuvieron la oportunidad de conocer la flora y la fauna caracter\u00edsticas del lugar. Adem\u00e1s de ello, han podido concienciarse sobre la importancia del cuidado de nuestro entorno, as\u00ed como de la conservaci\u00f3n de las distintas especies animales y vegetales.<\/p>\n<p>Durante la visita, contamos con la presencia de varios monitores que nos acompa\u00f1aron y explicaron aspectos de gran inter\u00e9s y relevancia para todos.<\/p>\n<p>En definitiva, fue una magn\u00edfica jornada en la que, respirando aire puro, se ha puesto de manifiesto la gran relevancia que el cuidado de nuestro entorno posee.<\/p>\n<p>[\/et_pb_text][et_pb_gallery gallery_ids=\u00bb18340,18341,18342,18343,18344,18345,18346,18347,18348,18349,18350,18351,18352&#8243; gallery_orderby=\u00bbrand\u00bb posts_number=\u00bb8&#8243; show_title_and_caption=\u00bboff\u00bb _builder_version=\u00bb3.22.7&#8243; z_index_tablet=\u00bb500&#8243;][\/et_pb_gallery][et_pb_gallery gallery_ids=\u00bb18006,18007,18008,18009,18010,18011,18012,18013,18014,18015,18016,18017,18018,18019,18020,18021,18022,18023,18024,18025&#8243; gallery_orderby=\u00bbrand\u00bb show_title_and_caption=\u00bboff\u00bb _builder_version=\u00bb3.23.3&#8243;][\/et_pb_gallery][\/et_pb_column][\/et_pb_row][\/et_pb_section]<\/p>\n","protected":false},"excerpt":{"rendered":"<p>El pasado 4 de junio, el alumnado de 2\u00ba ciclo de Educaci\u00f3n Primaria visit\u00f3 el Aula de la Naturaleza \u201cLas Contadoras\u201d, situada en el Parque Natural Montes de M\u00e1laga. El Aula de la Naruraleza \u00abLas Contadoras\u00bb es un lugar privilegiado, situado a unos 17 kil\u00f3metros de M\u00e1laga y a unos 800 metros de altura. El [&hellip;]<\/p>\n","protected":false},"author":29,"featured_media":18809,"comment_status":"open","ping_status":"open","sticky":false,"template":"","format":"standard","meta":{"_et_pb_use_builder":"on","_et_pb_old_content":"","_et_gb_content_width":"","footnotes":""},"categories":[10,20],"tags":[],"class_list":["post-18807","post","type-post","status-publish","format-standard","has-post-thumbnail","hentry","category-colegio","category-primaria"],"yoast_head":"<!-- This site is optimized with the Yoast SEO plugin v27.4 - https:\/\/yoast.com\/product\/yoast-seo-wordpress\/ -->\n<title>Visita al Aula de la Naturaleza Las Contadoras - Colegio Concertado San Bartolom\u00e9 | Salesianos M\u00e1laga<\/title>\n<meta name=\"robots\" content=\"index, follow, max-snippet:-1, max-image-preview:large, max-video-preview:-1\" \/>\n<link rel=\"canonical\" href=\"https:\/\/malaga.salesianos.edu\/colegio\/blog\/visita-al-aula-de-la-naturaleza-las-contadoras\/\" \/>\n<meta property=\"og:locale\" content=\"es_ES\" \/>\n<meta property=\"og:type\" content=\"article\" \/>\n<meta property=\"og:title\" content=\"Visita al Aula de la Naturaleza Las Contadoras - Colegio Concertado San Bartolom\u00e9 | Salesianos M\u00e1laga\" \/>\n<meta property=\"og:description\" content=\"El pasado 4 de junio, el alumnado de 2\u00ba ciclo de Educaci\u00f3n Primaria visit\u00f3 el Aula de la Naturaleza \u201cLas Contadoras\u201d, situada en el Parque Natural Montes de M\u00e1laga. El Aula de la Naruraleza &quot;Las Contadoras&quot; es un lugar privilegiado, situado a unos 17 kil\u00f3metros de M\u00e1laga y a unos 800 metros de altura. El [&hellip;]\" \/>\n<meta property=\"og:url\" content=\"https:\/\/malaga.salesianos.edu\/colegio\/blog\/visita-al-aula-de-la-naturaleza-las-contadoras\/\" \/>\n<meta property=\"og:site_name\" content=\"Colegio Concertado San Bartolom\u00e9 | Salesianos M\u00e1laga\" \/>\n<meta property=\"article:published_time\" content=\"2019-06-06T17:26:53+00:00\" \/>\n<meta property=\"article:modified_time\" content=\"2019-06-07T04:34:20+00:00\" \/>\n<meta property=\"og:image\" content=\"https:\/\/malaga.salesianos.edu\/colegio\/wp-content\/uploads\/sites\/2\/2019\/06\/salida-19.jpeg\" \/>\n\t<meta property=\"og:image:width\" content=\"1600\" \/>\n\t<meta property=\"og:image:height\" content=\"900\" \/>\n\t<meta property=\"og:image:type\" content=\"image\/jpeg\" \/>\n<meta name=\"twitter:card\" content=\"summary_large_image\" \/>\n<meta name=\"twitter:label1\" content=\"Escrito por\" \/>\n\t<meta name=\"twitter:data1\" content=\"\" \/>\n\t<meta name=\"twitter:label2\" content=\"Tiempo de lectura\" \/>\n\t<meta name=\"twitter:data2\" content=\"1 minuto\" \/>\n<script type=\"application\/ld+json\" class=\"yoast-schema-graph\">{\"@context\":\"https:\\\/\\\/schema.org\",\"@graph\":[{\"@type\":\"Article\",\"@id\":\"https:\\\/\\\/malaga.salesianos.edu\\\/colegio\\\/blog\\\/visita-al-aula-de-la-naturaleza-las-contadoras\\\/#article\",\"isPartOf\":{\"@id\":\"https:\\\/\\\/malaga.salesianos.edu\\\/colegio\\\/blog\\\/visita-al-aula-de-la-naturaleza-las-contadoras\\\/\"},\"author\":{\"name\":\"\",\"@id\":\"\"},\"headline\":\"Visita al Aula de la Naturaleza Las Contadoras\",\"datePublished\":\"2019-06-06T17:26:53+00:00\",\"dateModified\":\"2019-06-07T04:34:20+00:00\",\"mainEntityOfPage\":{\"@id\":\"https:\\\/\\\/malaga.salesianos.edu\\\/colegio\\\/blog\\\/visita-al-aula-de-la-naturaleza-las-contadoras\\\/\"},\"wordCount\":287,\"commentCount\":0,\"publisher\":{\"@id\":\"https:\\\/\\\/malaga.salesianos.edu\\\/colegio\\\/#organization\"},\"image\":{\"@id\":\"https:\\\/\\\/malaga.salesianos.edu\\\/colegio\\\/blog\\\/visita-al-aula-de-la-naturaleza-las-contadoras\\\/#primaryimage\"},\"thumbnailUrl\":\"https:\\\/\\\/malaga.salesianos.edu\\\/colegio\\\/wp-content\\\/uploads\\\/sites\\\/2\\\/2019\\\/06\\\/salida-19.jpeg\",\"articleSection\":[\"Colegio\",\"Primaria\"],\"inLanguage\":\"es\",\"potentialAction\":[{\"@type\":\"CommentAction\",\"name\":\"Comment\",\"target\":[\"https:\\\/\\\/malaga.salesianos.edu\\\/colegio\\\/blog\\\/visita-al-aula-de-la-naturaleza-las-contadoras\\\/#respond\"]}]},{\"@type\":\"WebPage\",\"@id\":\"https:\\\/\\\/malaga.salesianos.edu\\\/colegio\\\/blog\\\/visita-al-aula-de-la-naturaleza-las-contadoras\\\/\",\"url\":\"https:\\\/\\\/malaga.salesianos.edu\\\/colegio\\\/blog\\\/visita-al-aula-de-la-naturaleza-las-contadoras\\\/\",\"name\":\"Visita al Aula de la Naturaleza Las Contadoras - Colegio Concertado San Bartolom\u00e9 | Salesianos M\u00e1laga\",\"isPartOf\":{\"@id\":\"https:\\\/\\\/malaga.salesianos.edu\\\/colegio\\\/#website\"},\"primaryImageOfPage\":{\"@id\":\"https:\\\/\\\/malaga.salesianos.edu\\\/colegio\\\/blog\\\/visita-al-aula-de-la-naturaleza-las-contadoras\\\/#primaryimage\"},\"image\":{\"@id\":\"https:\\\/\\\/malaga.salesianos.edu\\\/colegio\\\/blog\\\/visita-al-aula-de-la-naturaleza-las-contadoras\\\/#primaryimage\"},\"thumbnailUrl\":\"https:\\\/\\\/malaga.salesianos.edu\\\/colegio\\\/wp-content\\\/uploads\\\/sites\\\/2\\\/2019\\\/06\\\/salida-19.jpeg\",\"datePublished\":\"2019-06-06T17:26:53+00:00\",\"dateModified\":\"2019-06-07T04:34:20+00:00\",\"breadcrumb\":{\"@id\":\"https:\\\/\\\/malaga.salesianos.edu\\\/colegio\\\/blog\\\/visita-al-aula-de-la-naturaleza-las-contadoras\\\/#breadcrumb\"},\"inLanguage\":\"es\",\"potentialAction\":[{\"@type\":\"ReadAction\",\"target\":[\"https:\\\/\\\/malaga.salesianos.edu\\\/colegio\\\/blog\\\/visita-al-aula-de-la-naturaleza-las-contadoras\\\/\"]}]},{\"@type\":\"ImageObject\",\"inLanguage\":\"es\",\"@id\":\"https:\\\/\\\/malaga.salesianos.edu\\\/colegio\\\/blog\\\/visita-al-aula-de-la-naturaleza-las-contadoras\\\/#primaryimage\",\"url\":\"https:\\\/\\\/malaga.salesianos.edu\\\/colegio\\\/wp-content\\\/uploads\\\/sites\\\/2\\\/2019\\\/06\\\/salida-19.jpeg\",\"contentUrl\":\"https:\\\/\\\/malaga.salesianos.edu\\\/colegio\\\/wp-content\\\/uploads\\\/sites\\\/2\\\/2019\\\/06\\\/salida-19.jpeg\",\"width\":1600,\"height\":900},{\"@type\":\"BreadcrumbList\",\"@id\":\"https:\\\/\\\/malaga.salesianos.edu\\\/colegio\\\/blog\\\/visita-al-aula-de-la-naturaleza-las-contadoras\\\/#breadcrumb\",\"itemListElement\":[{\"@type\":\"ListItem\",\"position\":1,\"name\":\"Portada\",\"item\":\"https:\\\/\\\/malaga.salesianos.edu\\\/colegio\\\/\"},{\"@type\":\"ListItem\",\"position\":2,\"name\":\"Visita al Aula de la Naturaleza Las Contadoras\"}]},{\"@type\":\"WebSite\",\"@id\":\"https:\\\/\\\/malaga.salesianos.edu\\\/colegio\\\/#website\",\"url\":\"https:\\\/\\\/malaga.salesianos.edu\\\/colegio\\\/\",\"name\":\"Colegio Concertado San Bartolom\u00e9 | Salesianos M\u00e1laga\",\"description\":\"Centro concertado. Infantil, Primaria, ESO, Bachillerato, Formaci\u00f3n Profesional, Formaci\u00f3n Profesional B\u00e1sica (FPB) y Ciclos Formativos de Grado Medio y Superior.\",\"publisher\":{\"@id\":\"https:\\\/\\\/malaga.salesianos.edu\\\/colegio\\\/#organization\"},\"potentialAction\":[{\"@type\":\"SearchAction\",\"target\":{\"@type\":\"EntryPoint\",\"urlTemplate\":\"https:\\\/\\\/malaga.salesianos.edu\\\/colegio\\\/?s={search_term_string}\"},\"query-input\":{\"@type\":\"PropertyValueSpecification\",\"valueRequired\":true,\"valueName\":\"search_term_string\"}}],\"inLanguage\":\"es\"},{\"@type\":\"Organization\",\"@id\":\"https:\\\/\\\/malaga.salesianos.edu\\\/colegio\\\/#organization\",\"name\":\"Salesianos M\u00e1laga\",\"url\":\"https:\\\/\\\/malaga.salesianos.edu\\\/colegio\\\/\",\"logo\":{\"@type\":\"ImageObject\",\"inLanguage\":\"es\",\"@id\":\"https:\\\/\\\/malaga.salesianos.edu\\\/colegio\\\/#\\\/schema\\\/logo\\\/image\\\/\",\"url\":\"https:\\\/\\\/malaga.salesianos.edu\\\/colegio\\\/wp-content\\\/uploads\\\/sites\\\/2\\\/2018\\\/04\\\/MALAGAobraVN2.jpg\",\"contentUrl\":\"https:\\\/\\\/malaga.salesianos.edu\\\/colegio\\\/wp-content\\\/uploads\\\/sites\\\/2\\\/2018\\\/04\\\/MALAGAobraVN2.jpg\",\"width\":1937,\"height\":1490,\"caption\":\"Salesianos M\u00e1laga\"},\"image\":{\"@id\":\"https:\\\/\\\/malaga.salesianos.edu\\\/colegio\\\/#\\\/schema\\\/logo\\\/image\\\/\"}},{\"@type\":\"Person\",\"@id\":\"\"}]}<\/script>\n<!-- \/ Yoast SEO plugin. -->","yoast_head_json":{"title":"Visita al Aula de la Naturaleza Las Contadoras - Colegio Concertado San Bartolom\u00e9 | Salesianos M\u00e1laga","robots":{"index":"index","follow":"follow","max-snippet":"max-snippet:-1","max-image-preview":"max-image-preview:large","max-video-preview":"max-video-preview:-1"},"canonical":"https:\/\/malaga.salesianos.edu\/colegio\/blog\/visita-al-aula-de-la-naturaleza-las-contadoras\/","og_locale":"es_ES","og_type":"article","og_title":"Visita al Aula de la Naturaleza Las Contadoras - Colegio Concertado San Bartolom\u00e9 | Salesianos M\u00e1laga","og_description":"El pasado 4 de junio, el alumnado de 2\u00ba ciclo de Educaci\u00f3n Primaria visit\u00f3 el Aula de la Naturaleza \u201cLas Contadoras\u201d, situada en el Parque Natural Montes de M\u00e1laga. El Aula de la Naruraleza \"Las Contadoras\" es un lugar privilegiado, situado a unos 17 kil\u00f3metros de M\u00e1laga y a unos 800 metros de altura. El [&hellip;]","og_url":"https:\/\/malaga.salesianos.edu\/colegio\/blog\/visita-al-aula-de-la-naturaleza-las-contadoras\/","og_site_name":"Colegio Concertado San Bartolom\u00e9 | Salesianos M\u00e1laga","article_published_time":"2019-06-06T17:26:53+00:00","article_modified_time":"2019-06-07T04:34:20+00:00","og_image":[{"width":1600,"height":900,"url":"https:\/\/malaga.salesianos.edu\/colegio\/wp-content\/uploads\/sites\/2\/2019\/06\/salida-19.jpeg","type":"image\/jpeg"}],"twitter_card":"summary_large_image","twitter_misc":{"Escrito por":"","Tiempo de lectura":"1 minuto"},"schema":{"@context":"https:\/\/schema.org","@graph":[{"@type":"Article","@id":"https:\/\/malaga.salesianos.edu\/colegio\/blog\/visita-al-aula-de-la-naturaleza-las-contadoras\/#article","isPartOf":{"@id":"https:\/\/malaga.salesianos.edu\/colegio\/blog\/visita-al-aula-de-la-naturaleza-las-contadoras\/"},"author":{"name":"","@id":""},"headline":"Visita al Aula de la Naturaleza Las Contadoras","datePublished":"2019-06-06T17:26:53+00:00","dateModified":"2019-06-07T04:34:20+00:00","mainEntityOfPage":{"@id":"https:\/\/malaga.salesianos.edu\/colegio\/blog\/visita-al-aula-de-la-naturaleza-las-contadoras\/"},"wordCount":287,"commentCount":0,"publisher":{"@id":"https:\/\/malaga.salesianos.edu\/colegio\/#organization"},"image":{"@id":"https:\/\/malaga.salesianos.edu\/colegio\/blog\/visita-al-aula-de-la-naturaleza-las-contadoras\/#primaryimage"},"thumbnailUrl":"https:\/\/malaga.salesianos.edu\/colegio\/wp-content\/uploads\/sites\/2\/2019\/06\/salida-19.jpeg","articleSection":["Colegio","Primaria"],"inLanguage":"es","potentialAction":[{"@type":"CommentAction","name":"Comment","target":["https:\/\/malaga.salesianos.edu\/colegio\/blog\/visita-al-aula-de-la-naturaleza-las-contadoras\/#respond"]}]},{"@type":"WebPage","@id":"https:\/\/malaga.salesianos.edu\/colegio\/blog\/visita-al-aula-de-la-naturaleza-las-contadoras\/","url":"https:\/\/malaga.salesianos.edu\/colegio\/blog\/visita-al-aula-de-la-naturaleza-las-contadoras\/","name":"Visita al Aula de la Naturaleza Las Contadoras - Colegio Concertado San Bartolom\u00e9 | Salesianos M\u00e1laga","isPartOf":{"@id":"https:\/\/malaga.salesianos.edu\/colegio\/#website"},"primaryImageOfPage":{"@id":"https:\/\/malaga.salesianos.edu\/colegio\/blog\/visita-al-aula-de-la-naturaleza-las-contadoras\/#primaryimage"},"image":{"@id":"https:\/\/malaga.salesianos.edu\/colegio\/blog\/visita-al-aula-de-la-naturaleza-las-contadoras\/#primaryimage"},"thumbnailUrl":"https:\/\/malaga.salesianos.edu\/colegio\/wp-content\/uploads\/sites\/2\/2019\/06\/salida-19.jpeg","datePublished":"2019-06-06T17:26:53+00:00","dateModified":"2019-06-07T04:34:20+00:00","breadcrumb":{"@id":"https:\/\/malaga.salesianos.edu\/colegio\/blog\/visita-al-aula-de-la-naturaleza-las-contadoras\/#breadcrumb"},"inLanguage":"es","potentialAction":[{"@type":"ReadAction","target":["https:\/\/malaga.salesianos.edu\/colegio\/blog\/visita-al-aula-de-la-naturaleza-las-contadoras\/"]}]},{"@type":"ImageObject","inLanguage":"es","@id":"https:\/\/malaga.salesianos.edu\/colegio\/blog\/visita-al-aula-de-la-naturaleza-las-contadoras\/#primaryimage","url":"https:\/\/malaga.salesianos.edu\/colegio\/wp-content\/uploads\/sites\/2\/2019\/06\/salida-19.jpeg","contentUrl":"https:\/\/malaga.salesianos.edu\/colegio\/wp-content\/uploads\/sites\/2\/2019\/06\/salida-19.jpeg","width":1600,"height":900},{"@type":"BreadcrumbList","@id":"https:\/\/malaga.salesianos.edu\/colegio\/blog\/visita-al-aula-de-la-naturaleza-las-contadoras\/#breadcrumb","itemListElement":[{"@type":"ListItem","position":1,"name":"Portada","item":"https:\/\/malaga.salesianos.edu\/colegio\/"},{"@type":"ListItem","position":2,"name":"Visita al Aula de la Naturaleza Las Contadoras"}]},{"@type":"WebSite","@id":"https:\/\/malaga.salesianos.edu\/colegio\/#website","url":"https:\/\/malaga.salesianos.edu\/colegio\/","name":"Colegio Concertado San Bartolom\u00e9 | Salesianos M\u00e1laga","description":"Centro concertado. Infantil, Primaria, ESO, Bachillerato, Formaci\u00f3n Profesional, Formaci\u00f3n Profesional B\u00e1sica (FPB) y Ciclos Formativos de Grado Medio y Superior.","publisher":{"@id":"https:\/\/malaga.salesianos.edu\/colegio\/#organization"},"potentialAction":[{"@type":"SearchAction","target":{"@type":"EntryPoint","urlTemplate":"https:\/\/malaga.salesianos.edu\/colegio\/?s={search_term_string}"},"query-input":{"@type":"PropertyValueSpecification","valueRequired":true,"valueName":"search_term_string"}}],"inLanguage":"es"},{"@type":"Organization","@id":"https:\/\/malaga.salesianos.edu\/colegio\/#organization","name":"Salesianos M\u00e1laga","url":"https:\/\/malaga.salesianos.edu\/colegio\/","logo":{"@type":"ImageObject","inLanguage":"es","@id":"https:\/\/malaga.salesianos.edu\/colegio\/#\/schema\/logo\/image\/","url":"https:\/\/malaga.salesianos.edu\/colegio\/wp-content\/uploads\/sites\/2\/2018\/04\/MALAGAobraVN2.jpg","contentUrl":"https:\/\/malaga.salesianos.edu\/colegio\/wp-content\/uploads\/sites\/2\/2018\/04\/MALAGAobraVN2.jpg","width":1937,"height":1490,"caption":"Salesianos M\u00e1laga"},"image":{"@id":"https:\/\/malaga.salesianos.edu\/colegio\/#\/schema\/logo\/image\/"}},{"@type":"Person","@id":""}]}},"_links":{"self":[{"href":"https:\/\/malaga.salesianos.edu\/colegio\/wp-json\/wp\/v2\/posts\/18807","targetHints":{"allow":["GET"]}}],"collection":[{"href":"https:\/\/malaga.salesianos.edu\/colegio\/wp-json\/wp\/v2\/posts"}],"about":[{"href":"https:\/\/malaga.salesianos.edu\/colegio\/wp-json\/wp\/v2\/types\/post"}],"author":[{"embeddable":true,"href":"https:\/\/malaga.salesianos.edu\/colegio\/wp-json\/wp\/v2\/users\/29"}],"replies":[{"embeddable":true,"href":"https:\/\/malaga.salesianos.edu\/colegio\/wp-json\/wp\/v2\/comments?post=18807"}],"version-history":[{"count":2,"href":"https:\/\/malaga.salesianos.edu\/colegio\/wp-json\/wp\/v2\/posts\/18807\/revisions"}],"predecessor-version":[{"id":18810,"href":"https:\/\/malaga.salesianos.edu\/colegio\/wp-json\/wp\/v2\/posts\/18807\/revisions\/18810"}],"wp:featuredmedia":[{"embeddable":true,"href":"https:\/\/malaga.salesianos.edu\/colegio\/wp-json\/wp\/v2\/media\/18809"}],"wp:attachment":[{"href":"https:\/\/malaga.salesianos.edu\/colegio\/wp-json\/wp\/v2\/media?parent=18807"}],"wp:term":[{"taxonomy":"category","embeddable":true,"href":"https:\/\/malaga.salesianos.edu\/colegio\/wp-json\/wp\/v2\/categories?post=18807"},{"taxonomy":"post_tag","embeddable":true,"href":"https:\/\/malaga.salesianos.edu\/colegio\/wp-json\/wp\/v2\/tags?post=18807"}],"curies":[{"name":"wp","href":"https:\/\/api.w.org\/{rel}","templated":true}]}}