{"id":16268,"date":"2019-04-08T13:35:08","date_gmt":"2019-04-08T11:35:08","guid":{"rendered":"https:\/\/malaga.salesianos.edu\/colegio\/blog\/jornada-de-empleo-para-el-alumnado-de-formacion-profesional\/"},"modified":"2019-04-08T13:40:11","modified_gmt":"2019-04-08T11:40:11","slug":"jornada-de-empleo-para-el-alumnado-de-formacion-profesional","status":"publish","type":"post","link":"https:\/\/malaga.salesianos.edu\/colegio\/blog\/jornada-de-empleo-para-el-alumnado-de-formacion-profesional\/","title":{"rendered":"Jornada sobre empleo para el alumnado de Formaci\u00f3n Profesional"},"content":{"rendered":"<p>[et_pb_section bb_built=\u00bb1&#8243; admin_label=\u00bbsection\u00bb _builder_version=\u00bb3.0.47&#8243; custom_padding=\u00bb2px|0px|54px|0px\u00bb][et_pb_row admin_label=\u00bbrow\u00bb _builder_version=\u00bb3.0.47&#8243; background_size=\u00bbinitial\u00bb background_position=\u00bbtop_left\u00bb background_repeat=\u00bbrepeat\u00bb][et_pb_column type=\u00bb4_4&#8243;][et_pb_text admin_label=\u00bbDesarrollo\u00bb _builder_version=\u00bb3.21.4&#8243; text_orientation=\u00bbjustified\u00bb use_border_color=\u00bboff\u00bb border_color=\u00bb#ffffff\u00bb border_style=\u00bbsolid\u00bb z_index_tablet=\u00bb500&#8243;]<\/p>\n<p class=\"m_8276185716556965981default-style\">En la ma\u00f1ana del 2 de abril nuestro Departamento de Orientaci\u00f3n organiz\u00f3 en el teatro del centro una interesante jornada sobre empleo para el alumnado de Formaci\u00f3n Profesional, lo ha impartido la Consultora de Recursos Humanos B2B de M\u00e1laga que est\u00e1 colaborando con nuestro colegio en beneficio de la inserci\u00f3n laboral de nuestros j\u00f3venes.<\/p>\n<p class=\"m_8276185716556965981default-style\">El contenido de dicha jornada consisti\u00f3 en explicar las claves para la realizaci\u00f3n de un Curriculum Vitae, c\u00f3mo afrontar una entrevista de trabajo y conocer portales de empleo relacionados con el perfil de nuestros alumnos, al mismo han asistido alumnos de 2\u00ba de FPB y 1\u00ba de grado medio y superior de Ciclos Formativos.<\/p>\n<p>[\/et_pb_text][et_pb_cta admin_label=\u00bbConoce nuestros programas europeos\u00bb title=\u00bbConoce nuestro Departamento de Orientaci\u00f3n\u00bb button_text=\u00bbM\u00e1s Informaci\u00f3n\u00bb button_url=\u00bbhttps:\/\/malaga.salesianos.edu\/colegio\/departamento-de-orientacion\/\u00bb background_image=\u00bbhttps:\/\/malaga.salesianos.edu\/wp-content\/uploads\/2019\/04\/SERVICIO-DE-ORIENTACI\u00d3N-2019.jpg\u00bb saved_tabs=\u00bball\u00bb background_repeat=\u00bbrepeat\u00bb _builder_version=\u00bb3.21.4&#8243; background_blend=\u00bbsoft-light\u00bb url_new_window=\u00bbon\u00bb z_index_tablet=\u00bb500&#8243; \/][\/et_pb_column][\/et_pb_row][\/et_pb_section]<\/p>\n","protected":false},"excerpt":{"rendered":"<p>Nuestro Departamento de Orientaci\u00f3n organiz\u00f3 el pasado 2 de abril, en el teatro del centro, una interesante jornada sobre empleo para el alumnado de Formaci\u00f3n Profesional.<\/p>\n","protected":false},"author":31,"featured_media":16269,"comment_status":"open","ping_status":"open","sticky":false,"template":"","format":"standard","meta":{"_et_pb_use_builder":"on","_et_pb_old_content":"","_et_gb_content_width":"","footnotes":""},"categories":[8,10,15,90],"tags":[47],"class_list":["post-16268","post","type-post","status-publish","format-standard","has-post-thumbnail","hentry","category-ciclos-formativos","category-colegio","category-fpb","category-orientacion","tag-orientacion"],"yoast_head":"<!-- This site is optimized with the Yoast SEO plugin v27.4 - https:\/\/yoast.com\/product\/yoast-seo-wordpress\/ -->\n<title>Jornada sobre empleo para el alumnado de Formaci\u00f3n Profesional - Colegio Concertado San Bartolom\u00e9 | Salesianos M\u00e1laga<\/title>\n<meta name=\"robots\" content=\"index, follow, max-snippet:-1, max-image-preview:large, max-video-preview:-1\" \/>\n<link rel=\"canonical\" href=\"https:\/\/malaga.salesianos.edu\/colegio\/blog\/jornada-de-empleo-para-el-alumnado-de-formacion-profesional\/\" \/>\n<meta property=\"og:locale\" content=\"es_ES\" \/>\n<meta property=\"og:type\" content=\"article\" \/>\n<meta property=\"og:title\" content=\"Jornada sobre empleo para el alumnado de Formaci\u00f3n Profesional - Colegio Concertado San Bartolom\u00e9 | Salesianos M\u00e1laga\" \/>\n<meta property=\"og:description\" content=\"Nuestro Departamento de Orientaci\u00f3n organiz\u00f3 el pasado 2 de abril, en el teatro del centro, una interesante jornada sobre empleo para el alumnado de Formaci\u00f3n Profesional.\" \/>\n<meta property=\"og:url\" content=\"https:\/\/malaga.salesianos.edu\/colegio\/blog\/jornada-de-empleo-para-el-alumnado-de-formacion-profesional\/\" \/>\n<meta property=\"og:site_name\" content=\"Colegio Concertado San Bartolom\u00e9 | Salesianos M\u00e1laga\" \/>\n<meta property=\"article:published_time\" content=\"2019-04-08T11:35:08+00:00\" \/>\n<meta property=\"article:modified_time\" content=\"2019-04-08T11:40:11+00:00\" \/>\n<meta property=\"og:image\" content=\"https:\/\/malaga.salesianos.edu\/colegio\/wp-content\/uploads\/sites\/2\/2019\/04\/B2B3.jpg\" \/>\n\t<meta property=\"og:image:width\" content=\"1599\" \/>\n\t<meta property=\"og:image:height\" content=\"1200\" \/>\n\t<meta property=\"og:image:type\" content=\"image\/jpeg\" \/>\n<meta name=\"twitter:card\" content=\"summary_large_image\" \/>\n<meta name=\"twitter:label1\" content=\"Escrito por\" \/>\n\t<meta name=\"twitter:data1\" content=\"\" \/>\n\t<meta name=\"twitter:label2\" content=\"Tiempo de lectura\" \/>\n\t<meta name=\"twitter:data2\" content=\"1 minuto\" \/>\n<script type=\"application\/ld+json\" class=\"yoast-schema-graph\">{\"@context\":\"https:\\\/\\\/schema.org\",\"@graph\":[{\"@type\":\"Article\",\"@id\":\"https:\\\/\\\/malaga.salesianos.edu\\\/colegio\\\/blog\\\/jornada-de-empleo-para-el-alumnado-de-formacion-profesional\\\/#article\",\"isPartOf\":{\"@id\":\"https:\\\/\\\/malaga.salesianos.edu\\\/colegio\\\/blog\\\/jornada-de-empleo-para-el-alumnado-de-formacion-profesional\\\/\"},\"author\":{\"name\":\"\",\"@id\":\"\"},\"headline\":\"Jornada sobre empleo para el alumnado de Formaci\u00f3n Profesional\",\"datePublished\":\"2019-04-08T11:35:08+00:00\",\"dateModified\":\"2019-04-08T11:40:11+00:00\",\"mainEntityOfPage\":{\"@id\":\"https:\\\/\\\/malaga.salesianos.edu\\\/colegio\\\/blog\\\/jornada-de-empleo-para-el-alumnado-de-formacion-profesional\\\/\"},\"wordCount\":257,\"commentCount\":0,\"publisher\":{\"@id\":\"https:\\\/\\\/malaga.salesianos.edu\\\/colegio\\\/#organization\"},\"image\":{\"@id\":\"https:\\\/\\\/malaga.salesianos.edu\\\/colegio\\\/blog\\\/jornada-de-empleo-para-el-alumnado-de-formacion-profesional\\\/#primaryimage\"},\"thumbnailUrl\":\"https:\\\/\\\/malaga.salesianos.edu\\\/colegio\\\/wp-content\\\/uploads\\\/sites\\\/2\\\/2019\\\/04\\\/B2B3.jpg\",\"keywords\":[\"Orientaci\u00f3n\"],\"articleSection\":[\"Ciclos Formativos\",\"Colegio\",\"FPB\",\"Orientaci\u00f3n\"],\"inLanguage\":\"es\",\"potentialAction\":[{\"@type\":\"CommentAction\",\"name\":\"Comment\",\"target\":[\"https:\\\/\\\/malaga.salesianos.edu\\\/colegio\\\/blog\\\/jornada-de-empleo-para-el-alumnado-de-formacion-profesional\\\/#respond\"]}]},{\"@type\":\"WebPage\",\"@id\":\"https:\\\/\\\/malaga.salesianos.edu\\\/colegio\\\/blog\\\/jornada-de-empleo-para-el-alumnado-de-formacion-profesional\\\/\",\"url\":\"https:\\\/\\\/malaga.salesianos.edu\\\/colegio\\\/blog\\\/jornada-de-empleo-para-el-alumnado-de-formacion-profesional\\\/\",\"name\":\"Jornada sobre empleo para el alumnado de Formaci\u00f3n Profesional - Colegio Concertado San Bartolom\u00e9 | Salesianos M\u00e1laga\",\"isPartOf\":{\"@id\":\"https:\\\/\\\/malaga.salesianos.edu\\\/colegio\\\/#website\"},\"primaryImageOfPage\":{\"@id\":\"https:\\\/\\\/malaga.salesianos.edu\\\/colegio\\\/blog\\\/jornada-de-empleo-para-el-alumnado-de-formacion-profesional\\\/#primaryimage\"},\"image\":{\"@id\":\"https:\\\/\\\/malaga.salesianos.edu\\\/colegio\\\/blog\\\/jornada-de-empleo-para-el-alumnado-de-formacion-profesional\\\/#primaryimage\"},\"thumbnailUrl\":\"https:\\\/\\\/malaga.salesianos.edu\\\/colegio\\\/wp-content\\\/uploads\\\/sites\\\/2\\\/2019\\\/04\\\/B2B3.jpg\",\"datePublished\":\"2019-04-08T11:35:08+00:00\",\"dateModified\":\"2019-04-08T11:40:11+00:00\",\"breadcrumb\":{\"@id\":\"https:\\\/\\\/malaga.salesianos.edu\\\/colegio\\\/blog\\\/jornada-de-empleo-para-el-alumnado-de-formacion-profesional\\\/#breadcrumb\"},\"inLanguage\":\"es\",\"potentialAction\":[{\"@type\":\"ReadAction\",\"target\":[\"https:\\\/\\\/malaga.salesianos.edu\\\/colegio\\\/blog\\\/jornada-de-empleo-para-el-alumnado-de-formacion-profesional\\\/\"]}]},{\"@type\":\"ImageObject\",\"inLanguage\":\"es\",\"@id\":\"https:\\\/\\\/malaga.salesianos.edu\\\/colegio\\\/blog\\\/jornada-de-empleo-para-el-alumnado-de-formacion-profesional\\\/#primaryimage\",\"url\":\"https:\\\/\\\/malaga.salesianos.edu\\\/colegio\\\/wp-content\\\/uploads\\\/sites\\\/2\\\/2019\\\/04\\\/B2B3.jpg\",\"contentUrl\":\"https:\\\/\\\/malaga.salesianos.edu\\\/colegio\\\/wp-content\\\/uploads\\\/sites\\\/2\\\/2019\\\/04\\\/B2B3.jpg\",\"width\":1599,\"height\":1200},{\"@type\":\"BreadcrumbList\",\"@id\":\"https:\\\/\\\/malaga.salesianos.edu\\\/colegio\\\/blog\\\/jornada-de-empleo-para-el-alumnado-de-formacion-profesional\\\/#breadcrumb\",\"itemListElement\":[{\"@type\":\"ListItem\",\"position\":1,\"name\":\"Portada\",\"item\":\"https:\\\/\\\/malaga.salesianos.edu\\\/colegio\\\/\"},{\"@type\":\"ListItem\",\"position\":2,\"name\":\"Jornada sobre empleo para el alumnado de Formaci\u00f3n Profesional\"}]},{\"@type\":\"WebSite\",\"@id\":\"https:\\\/\\\/malaga.salesianos.edu\\\/colegio\\\/#website\",\"url\":\"https:\\\/\\\/malaga.salesianos.edu\\\/colegio\\\/\",\"name\":\"Colegio Concertado San Bartolom\u00e9 | Salesianos M\u00e1laga\",\"description\":\"Centro concertado. Infantil, Primaria, ESO, Bachillerato, Formaci\u00f3n Profesional, Formaci\u00f3n Profesional B\u00e1sica (FPB) y Ciclos Formativos de Grado Medio y Superior.\",\"publisher\":{\"@id\":\"https:\\\/\\\/malaga.salesianos.edu\\\/colegio\\\/#organization\"},\"potentialAction\":[{\"@type\":\"SearchAction\",\"target\":{\"@type\":\"EntryPoint\",\"urlTemplate\":\"https:\\\/\\\/malaga.salesianos.edu\\\/colegio\\\/?s={search_term_string}\"},\"query-input\":{\"@type\":\"PropertyValueSpecification\",\"valueRequired\":true,\"valueName\":\"search_term_string\"}}],\"inLanguage\":\"es\"},{\"@type\":\"Organization\",\"@id\":\"https:\\\/\\\/malaga.salesianos.edu\\\/colegio\\\/#organization\",\"name\":\"Salesianos M\u00e1laga\",\"url\":\"https:\\\/\\\/malaga.salesianos.edu\\\/colegio\\\/\",\"logo\":{\"@type\":\"ImageObject\",\"inLanguage\":\"es\",\"@id\":\"https:\\\/\\\/malaga.salesianos.edu\\\/colegio\\\/#\\\/schema\\\/logo\\\/image\\\/\",\"url\":\"https:\\\/\\\/malaga.salesianos.edu\\\/colegio\\\/wp-content\\\/uploads\\\/sites\\\/2\\\/2018\\\/04\\\/MALAGAobraVN2.jpg\",\"contentUrl\":\"https:\\\/\\\/malaga.salesianos.edu\\\/colegio\\\/wp-content\\\/uploads\\\/sites\\\/2\\\/2018\\\/04\\\/MALAGAobraVN2.jpg\",\"width\":1937,\"height\":1490,\"caption\":\"Salesianos M\u00e1laga\"},\"image\":{\"@id\":\"https:\\\/\\\/malaga.salesianos.edu\\\/colegio\\\/#\\\/schema\\\/logo\\\/image\\\/\"}},{\"@type\":\"Person\",\"@id\":\"\"}]}<\/script>\n<!-- \/ Yoast SEO plugin. -->","yoast_head_json":{"title":"Jornada sobre empleo para el alumnado de Formaci\u00f3n Profesional - Colegio Concertado San Bartolom\u00e9 | Salesianos M\u00e1laga","robots":{"index":"index","follow":"follow","max-snippet":"max-snippet:-1","max-image-preview":"max-image-preview:large","max-video-preview":"max-video-preview:-1"},"canonical":"https:\/\/malaga.salesianos.edu\/colegio\/blog\/jornada-de-empleo-para-el-alumnado-de-formacion-profesional\/","og_locale":"es_ES","og_type":"article","og_title":"Jornada sobre empleo para el alumnado de Formaci\u00f3n Profesional - Colegio Concertado San Bartolom\u00e9 | Salesianos M\u00e1laga","og_description":"Nuestro Departamento de Orientaci\u00f3n organiz\u00f3 el pasado 2 de abril, en el teatro del centro, una interesante jornada sobre empleo para el alumnado de Formaci\u00f3n Profesional.","og_url":"https:\/\/malaga.salesianos.edu\/colegio\/blog\/jornada-de-empleo-para-el-alumnado-de-formacion-profesional\/","og_site_name":"Colegio Concertado San Bartolom\u00e9 | Salesianos M\u00e1laga","article_published_time":"2019-04-08T11:35:08+00:00","article_modified_time":"2019-04-08T11:40:11+00:00","og_image":[{"width":1599,"height":1200,"url":"https:\/\/malaga.salesianos.edu\/colegio\/wp-content\/uploads\/sites\/2\/2019\/04\/B2B3.jpg","type":"image\/jpeg"}],"twitter_card":"summary_large_image","twitter_misc":{"Escrito por":"","Tiempo de lectura":"1 minuto"},"schema":{"@context":"https:\/\/schema.org","@graph":[{"@type":"Article","@id":"https:\/\/malaga.salesianos.edu\/colegio\/blog\/jornada-de-empleo-para-el-alumnado-de-formacion-profesional\/#article","isPartOf":{"@id":"https:\/\/malaga.salesianos.edu\/colegio\/blog\/jornada-de-empleo-para-el-alumnado-de-formacion-profesional\/"},"author":{"name":"","@id":""},"headline":"Jornada sobre empleo para el alumnado de Formaci\u00f3n Profesional","datePublished":"2019-04-08T11:35:08+00:00","dateModified":"2019-04-08T11:40:11+00:00","mainEntityOfPage":{"@id":"https:\/\/malaga.salesianos.edu\/colegio\/blog\/jornada-de-empleo-para-el-alumnado-de-formacion-profesional\/"},"wordCount":257,"commentCount":0,"publisher":{"@id":"https:\/\/malaga.salesianos.edu\/colegio\/#organization"},"image":{"@id":"https:\/\/malaga.salesianos.edu\/colegio\/blog\/jornada-de-empleo-para-el-alumnado-de-formacion-profesional\/#primaryimage"},"thumbnailUrl":"https:\/\/malaga.salesianos.edu\/colegio\/wp-content\/uploads\/sites\/2\/2019\/04\/B2B3.jpg","keywords":["Orientaci\u00f3n"],"articleSection":["Ciclos Formativos","Colegio","FPB","Orientaci\u00f3n"],"inLanguage":"es","potentialAction":[{"@type":"CommentAction","name":"Comment","target":["https:\/\/malaga.salesianos.edu\/colegio\/blog\/jornada-de-empleo-para-el-alumnado-de-formacion-profesional\/#respond"]}]},{"@type":"WebPage","@id":"https:\/\/malaga.salesianos.edu\/colegio\/blog\/jornada-de-empleo-para-el-alumnado-de-formacion-profesional\/","url":"https:\/\/malaga.salesianos.edu\/colegio\/blog\/jornada-de-empleo-para-el-alumnado-de-formacion-profesional\/","name":"Jornada sobre empleo para el alumnado de Formaci\u00f3n Profesional - Colegio Concertado San Bartolom\u00e9 | Salesianos M\u00e1laga","isPartOf":{"@id":"https:\/\/malaga.salesianos.edu\/colegio\/#website"},"primaryImageOfPage":{"@id":"https:\/\/malaga.salesianos.edu\/colegio\/blog\/jornada-de-empleo-para-el-alumnado-de-formacion-profesional\/#primaryimage"},"image":{"@id":"https:\/\/malaga.salesianos.edu\/colegio\/blog\/jornada-de-empleo-para-el-alumnado-de-formacion-profesional\/#primaryimage"},"thumbnailUrl":"https:\/\/malaga.salesianos.edu\/colegio\/wp-content\/uploads\/sites\/2\/2019\/04\/B2B3.jpg","datePublished":"2019-04-08T11:35:08+00:00","dateModified":"2019-04-08T11:40:11+00:00","breadcrumb":{"@id":"https:\/\/malaga.salesianos.edu\/colegio\/blog\/jornada-de-empleo-para-el-alumnado-de-formacion-profesional\/#breadcrumb"},"inLanguage":"es","potentialAction":[{"@type":"ReadAction","target":["https:\/\/malaga.salesianos.edu\/colegio\/blog\/jornada-de-empleo-para-el-alumnado-de-formacion-profesional\/"]}]},{"@type":"ImageObject","inLanguage":"es","@id":"https:\/\/malaga.salesianos.edu\/colegio\/blog\/jornada-de-empleo-para-el-alumnado-de-formacion-profesional\/#primaryimage","url":"https:\/\/malaga.salesianos.edu\/colegio\/wp-content\/uploads\/sites\/2\/2019\/04\/B2B3.jpg","contentUrl":"https:\/\/malaga.salesianos.edu\/colegio\/wp-content\/uploads\/sites\/2\/2019\/04\/B2B3.jpg","width":1599,"height":1200},{"@type":"BreadcrumbList","@id":"https:\/\/malaga.salesianos.edu\/colegio\/blog\/jornada-de-empleo-para-el-alumnado-de-formacion-profesional\/#breadcrumb","itemListElement":[{"@type":"ListItem","position":1,"name":"Portada","item":"https:\/\/malaga.salesianos.edu\/colegio\/"},{"@type":"ListItem","position":2,"name":"Jornada sobre empleo para el alumnado de Formaci\u00f3n Profesional"}]},{"@type":"WebSite","@id":"https:\/\/malaga.salesianos.edu\/colegio\/#website","url":"https:\/\/malaga.salesianos.edu\/colegio\/","name":"Colegio Concertado San Bartolom\u00e9 | Salesianos M\u00e1laga","description":"Centro concertado. Infantil, Primaria, ESO, Bachillerato, Formaci\u00f3n Profesional, Formaci\u00f3n Profesional B\u00e1sica (FPB) y Ciclos Formativos de Grado Medio y Superior.","publisher":{"@id":"https:\/\/malaga.salesianos.edu\/colegio\/#organization"},"potentialAction":[{"@type":"SearchAction","target":{"@type":"EntryPoint","urlTemplate":"https:\/\/malaga.salesianos.edu\/colegio\/?s={search_term_string}"},"query-input":{"@type":"PropertyValueSpecification","valueRequired":true,"valueName":"search_term_string"}}],"inLanguage":"es"},{"@type":"Organization","@id":"https:\/\/malaga.salesianos.edu\/colegio\/#organization","name":"Salesianos M\u00e1laga","url":"https:\/\/malaga.salesianos.edu\/colegio\/","logo":{"@type":"ImageObject","inLanguage":"es","@id":"https:\/\/malaga.salesianos.edu\/colegio\/#\/schema\/logo\/image\/","url":"https:\/\/malaga.salesianos.edu\/colegio\/wp-content\/uploads\/sites\/2\/2018\/04\/MALAGAobraVN2.jpg","contentUrl":"https:\/\/malaga.salesianos.edu\/colegio\/wp-content\/uploads\/sites\/2\/2018\/04\/MALAGAobraVN2.jpg","width":1937,"height":1490,"caption":"Salesianos M\u00e1laga"},"image":{"@id":"https:\/\/malaga.salesianos.edu\/colegio\/#\/schema\/logo\/image\/"}},{"@type":"Person","@id":""}]}},"_links":{"self":[{"href":"https:\/\/malaga.salesianos.edu\/colegio\/wp-json\/wp\/v2\/posts\/16268","targetHints":{"allow":["GET"]}}],"collection":[{"href":"https:\/\/malaga.salesianos.edu\/colegio\/wp-json\/wp\/v2\/posts"}],"about":[{"href":"https:\/\/malaga.salesianos.edu\/colegio\/wp-json\/wp\/v2\/types\/post"}],"author":[{"embeddable":true,"href":"https:\/\/malaga.salesianos.edu\/colegio\/wp-json\/wp\/v2\/users\/31"}],"replies":[{"embeddable":true,"href":"https:\/\/malaga.salesianos.edu\/colegio\/wp-json\/wp\/v2\/comments?post=16268"}],"version-history":[{"count":3,"href":"https:\/\/malaga.salesianos.edu\/colegio\/wp-json\/wp\/v2\/posts\/16268\/revisions"}],"predecessor-version":[{"id":16272,"href":"https:\/\/malaga.salesianos.edu\/colegio\/wp-json\/wp\/v2\/posts\/16268\/revisions\/16272"}],"wp:featuredmedia":[{"embeddable":true,"href":"https:\/\/malaga.salesianos.edu\/colegio\/wp-json\/wp\/v2\/media\/16269"}],"wp:attachment":[{"href":"https:\/\/malaga.salesianos.edu\/colegio\/wp-json\/wp\/v2\/media?parent=16268"}],"wp:term":[{"taxonomy":"category","embeddable":true,"href":"https:\/\/malaga.salesianos.edu\/colegio\/wp-json\/wp\/v2\/categories?post=16268"},{"taxonomy":"post_tag","embeddable":true,"href":"https:\/\/malaga.salesianos.edu\/colegio\/wp-json\/wp\/v2\/tags?post=16268"}],"curies":[{"name":"wp","href":"https:\/\/api.w.org\/{rel}","templated":true}]}}