{"id":15457,"date":"2018-12-22T23:16:01","date_gmt":"2018-12-22T22:16:01","guid":{"rendered":"https:\/\/malaga.salesianos.edu\/colegio\/blog\/educacion-infantil-celebra-la-navidad-con-nuestro-belen-salesiano\/"},"modified":"2018-12-22T23:16:03","modified_gmt":"2018-12-22T22:16:03","slug":"educacion-infantil-celebra-la-navidad-con-nuestro-belen-salesiano","status":"publish","type":"post","link":"https:\/\/malaga.salesianos.edu\/colegio\/blog\/educacion-infantil-celebra-la-navidad-con-nuestro-belen-salesiano\/","title":{"rendered":"Educaci\u00f3n Infantil celebra la Navidad con nuestro Bel\u00e9n Salesiano"},"content":{"rendered":"<p>[et_pb_section bb_built=\u00bb1&#8243; admin_label=\u00bbsection\u00bb custom_padding=\u00bb2px|0px|54px|0px\u00bb][et_pb_row admin_label=\u00bbrow\u00bb background_position=\u00bbtop_left\u00bb background_repeat=\u00bbrepeat\u00bb background_size=\u00bbinitial\u00bb][et_pb_column type=\u00bb4_4&#8243;][et_pb_text admin_label=\u00bbEntradilla\u00bb text_font=\u00bb|on|||\u00bb text_orientation=\u00bbjustified\u00bb use_border_color=\u00bboff\u00bb border_color=\u00bb#ffffff\u00bb border_style=\u00bbsolid\u00bb _builder_version=\u00bb3.18.7&#8243;]<\/p>\n<p><em><strong>El pasado jueves vivimos un momento entra\u00f1able con nuestro Bel\u00e9n viviente en el colegio, una aut\u00e9ntica recreaci\u00f3n de una estampa del nacimiento de Jes\u00fas.<\/strong><\/em><\/p>\n<hr \/>\n<p>[\/et_pb_text][et_pb_text admin_label=\u00bbDesarrollo\u00bb text_orientation=\u00bbjustified\u00bb use_border_color=\u00bboff\u00bb border_color=\u00bb#ffffff\u00bb border_style=\u00bbsolid\u00bb _builder_version=\u00bb3.18.7&#8243;]<\/p>\n<p style=\"font-weight: 400;\">El pasado jueves vivimos un momento entra\u00f1able con nuestro <strong>Bel\u00e9n viviente<\/strong> en el colegio. En estos d\u00edas hemos estado preparando una aut\u00e9ntica recreaci\u00f3n de una estampa del nacimiento de Jes\u00fas.<\/p>\n<p style=\"font-weight: 400;\">Gracias a todas las familias que han colaborado con nosotros en este proyecto. Aqu\u00ed os dejamos un resumen de todo lo vivido.<\/p>\n<p style=\"font-weight: 400;\"><strong>Las profesoras de infantil<\/strong>, queremos aprovechar esta noticia, para <strong>desearos a todas las familias<\/strong> <strong>feliz Navidad<\/strong>; que disfrut\u00e9is estas fiestas unidos\/as y que pong\u00e1is el coraz\u00f3n en ayudar a los que tenemos a nuestro alrededor a ser un poco m\u00e1s felices.<\/p>\n<p style=\"font-weight: 400;\">\u00a1Gracias por todo el a\u00f1o compartido!<\/p>\n<p>Profesoras de E. Infantil<\/p>\n<p>[\/et_pb_text][et_pb_text admin_label=\u00bbT\u00edtulo Galer\u00eda\u00bb _builder_version=\u00bb3.18.7&#8243;]<\/p>\n<blockquote>\n<h3><strong>V\u00eddeo:<\/strong><\/h3>\n<\/blockquote>\n<p>[\/et_pb_text][et_pb_video _builder_version=\u00bb3.18.7&#8243; src=\u00bbhttps:\/\/youtu.be\/8&#8211;KpBlHRAc\u00bb image_src=\u00bbhttps:\/\/malaga.salesianos.edu\/wp-content\/uploads\/2018\/12\/2018-12-22_23-13-19.jpg\u00bb \/][\/et_pb_column][\/et_pb_row][\/et_pb_section]<\/p>\n","protected":false},"excerpt":{"rendered":"<p>El pasado jueves vivimos un momento entra\u00f1able con nuestro Bel\u00e9n viviente en el colegio, una aut\u00e9ntica recreaci\u00f3n de una estampa del nacimiento de Jes\u00fas.<\/p>\n","protected":false},"author":6,"featured_media":15458,"comment_status":"open","ping_status":"open","sticky":false,"template":"","format":"standard","meta":{"_et_pb_use_builder":"on","_et_pb_old_content":"","_et_gb_content_width":"","footnotes":""},"categories":[10,95,18],"tags":[],"class_list":["post-15457","post","type-post","status-publish","format-standard","has-post-thumbnail","hentry","category-colegio","category-destacado-infantil","category-infantil"],"yoast_head":"<!-- This site is optimized with the Yoast SEO plugin v28.3 - https:\/\/yoast.com\/product\/yoast-seo-wordpress\/ -->\n<title>Educaci\u00f3n Infantil celebra la Navidad con nuestro Bel\u00e9n Salesiano - Colegio Concertado San Bartolom\u00e9 | Salesianos M\u00e1laga<\/title>\n<meta name=\"robots\" content=\"index, follow, max-snippet:-1, max-image-preview:large, max-video-preview:-1\" \/>\n<link rel=\"canonical\" href=\"https:\/\/malaga.salesianos.edu\/colegio\/blog\/educacion-infantil-celebra-la-navidad-con-nuestro-belen-salesiano\/\" \/>\n<meta property=\"og:locale\" content=\"es_ES\" \/>\n<meta property=\"og:type\" content=\"article\" \/>\n<meta property=\"og:title\" content=\"Educaci\u00f3n Infantil celebra la Navidad con nuestro Bel\u00e9n Salesiano - Colegio Concertado San Bartolom\u00e9 | Salesianos M\u00e1laga\" \/>\n<meta property=\"og:description\" content=\"El pasado jueves vivimos un momento entra\u00f1able con nuestro Bel\u00e9n viviente en el colegio, una aut\u00e9ntica recreaci\u00f3n de una estampa del nacimiento de Jes\u00fas.\" \/>\n<meta property=\"og:url\" content=\"https:\/\/malaga.salesianos.edu\/colegio\/blog\/educacion-infantil-celebra-la-navidad-con-nuestro-belen-salesiano\/\" \/>\n<meta property=\"og:site_name\" content=\"Colegio Concertado San Bartolom\u00e9 | Salesianos M\u00e1laga\" \/>\n<meta property=\"article:published_time\" content=\"2018-12-22T22:16:01+00:00\" \/>\n<meta property=\"article:modified_time\" content=\"2018-12-22T22:16:03+00:00\" \/>\n<meta property=\"og:image\" content=\"https:\/\/malaga.salesianos.edu\/colegio\/wp-content\/uploads\/sites\/2\/2018\/12\/2018-12-22_23-11-31.jpg\" \/>\n\t<meta property=\"og:image:width\" content=\"1076\" \/>\n\t<meta property=\"og:image:height\" content=\"699\" \/>\n\t<meta property=\"og:image:type\" content=\"image\/jpeg\" \/>\n<meta name=\"twitter:card\" content=\"summary_large_image\" \/>\n<meta name=\"twitter:label1\" content=\"Escrito por\" \/>\n\t<meta name=\"twitter:data1\" content=\"\" \/>\n\t<meta name=\"twitter:label2\" content=\"Tiempo de lectura\" \/>\n\t<meta name=\"twitter:data2\" content=\"1 minuto\" \/>\n<script type=\"application\/ld+json\" class=\"yoast-schema-graph\">{\"@context\":\"https:\\\/\\\/schema.org\",\"@graph\":[{\"@type\":\"Article\",\"@id\":\"https:\\\/\\\/malaga.salesianos.edu\\\/colegio\\\/blog\\\/educacion-infantil-celebra-la-navidad-con-nuestro-belen-salesiano\\\/#article\",\"isPartOf\":{\"@id\":\"https:\\\/\\\/malaga.salesianos.edu\\\/colegio\\\/blog\\\/educacion-infantil-celebra-la-navidad-con-nuestro-belen-salesiano\\\/\"},\"author\":{\"name\":\"\",\"@id\":\"\"},\"headline\":\"Educaci\u00f3n Infantil celebra la Navidad con nuestro Bel\u00e9n Salesiano\",\"datePublished\":\"2018-12-22T22:16:01+00:00\",\"dateModified\":\"2018-12-22T22:16:03+00:00\",\"mainEntityOfPage\":{\"@id\":\"https:\\\/\\\/malaga.salesianos.edu\\\/colegio\\\/blog\\\/educacion-infantil-celebra-la-navidad-con-nuestro-belen-salesiano\\\/\"},\"wordCount\":288,\"commentCount\":0,\"publisher\":{\"@id\":\"https:\\\/\\\/malaga.salesianos.edu\\\/colegio\\\/#organization\"},\"image\":{\"@id\":\"https:\\\/\\\/malaga.salesianos.edu\\\/colegio\\\/blog\\\/educacion-infantil-celebra-la-navidad-con-nuestro-belen-salesiano\\\/#primaryimage\"},\"thumbnailUrl\":\"https:\\\/\\\/malaga.salesianos.edu\\\/colegio\\\/wp-content\\\/uploads\\\/sites\\\/2\\\/2018\\\/12\\\/2018-12-22_23-11-31.jpg\",\"articleSection\":[\"Colegio\",\"Destacado Infantil\",\"Infantil\"],\"inLanguage\":\"es\",\"potentialAction\":[{\"@type\":\"CommentAction\",\"name\":\"Comment\",\"target\":[\"https:\\\/\\\/malaga.salesianos.edu\\\/colegio\\\/blog\\\/educacion-infantil-celebra-la-navidad-con-nuestro-belen-salesiano\\\/#respond\"]}]},{\"@type\":\"WebPage\",\"@id\":\"https:\\\/\\\/malaga.salesianos.edu\\\/colegio\\\/blog\\\/educacion-infantil-celebra-la-navidad-con-nuestro-belen-salesiano\\\/\",\"url\":\"https:\\\/\\\/malaga.salesianos.edu\\\/colegio\\\/blog\\\/educacion-infantil-celebra-la-navidad-con-nuestro-belen-salesiano\\\/\",\"name\":\"Educaci\u00f3n Infantil celebra la Navidad con nuestro Bel\u00e9n Salesiano - Colegio Concertado San Bartolom\u00e9 | Salesianos M\u00e1laga\",\"isPartOf\":{\"@id\":\"https:\\\/\\\/malaga.salesianos.edu\\\/colegio\\\/#website\"},\"primaryImageOfPage\":{\"@id\":\"https:\\\/\\\/malaga.salesianos.edu\\\/colegio\\\/blog\\\/educacion-infantil-celebra-la-navidad-con-nuestro-belen-salesiano\\\/#primaryimage\"},\"image\":{\"@id\":\"https:\\\/\\\/malaga.salesianos.edu\\\/colegio\\\/blog\\\/educacion-infantil-celebra-la-navidad-con-nuestro-belen-salesiano\\\/#primaryimage\"},\"thumbnailUrl\":\"https:\\\/\\\/malaga.salesianos.edu\\\/colegio\\\/wp-content\\\/uploads\\\/sites\\\/2\\\/2018\\\/12\\\/2018-12-22_23-11-31.jpg\",\"datePublished\":\"2018-12-22T22:16:01+00:00\",\"dateModified\":\"2018-12-22T22:16:03+00:00\",\"breadcrumb\":{\"@id\":\"https:\\\/\\\/malaga.salesianos.edu\\\/colegio\\\/blog\\\/educacion-infantil-celebra-la-navidad-con-nuestro-belen-salesiano\\\/#breadcrumb\"},\"inLanguage\":\"es\",\"potentialAction\":[{\"@type\":\"ReadAction\",\"target\":[\"https:\\\/\\\/malaga.salesianos.edu\\\/colegio\\\/blog\\\/educacion-infantil-celebra-la-navidad-con-nuestro-belen-salesiano\\\/\"]}]},{\"@type\":\"ImageObject\",\"inLanguage\":\"es\",\"@id\":\"https:\\\/\\\/malaga.salesianos.edu\\\/colegio\\\/blog\\\/educacion-infantil-celebra-la-navidad-con-nuestro-belen-salesiano\\\/#primaryimage\",\"url\":\"https:\\\/\\\/malaga.salesianos.edu\\\/colegio\\\/wp-content\\\/uploads\\\/sites\\\/2\\\/2018\\\/12\\\/2018-12-22_23-11-31.jpg\",\"contentUrl\":\"https:\\\/\\\/malaga.salesianos.edu\\\/colegio\\\/wp-content\\\/uploads\\\/sites\\\/2\\\/2018\\\/12\\\/2018-12-22_23-11-31.jpg\",\"width\":1076,\"height\":699},{\"@type\":\"BreadcrumbList\",\"@id\":\"https:\\\/\\\/malaga.salesianos.edu\\\/colegio\\\/blog\\\/educacion-infantil-celebra-la-navidad-con-nuestro-belen-salesiano\\\/#breadcrumb\",\"itemListElement\":[{\"@type\":\"ListItem\",\"position\":1,\"name\":\"Portada\",\"item\":\"https:\\\/\\\/malaga.salesianos.edu\\\/colegio\\\/\"},{\"@type\":\"ListItem\",\"position\":2,\"name\":\"Educaci\u00f3n Infantil celebra la Navidad con nuestro Bel\u00e9n Salesiano\"}]},{\"@type\":\"WebSite\",\"@id\":\"https:\\\/\\\/malaga.salesianos.edu\\\/colegio\\\/#website\",\"url\":\"https:\\\/\\\/malaga.salesianos.edu\\\/colegio\\\/\",\"name\":\"Colegio Concertado San Bartolom\u00e9 | Salesianos M\u00e1laga\",\"description\":\"Centro concertado. Infantil, Primaria, ESO, Bachillerato, Formaci\u00f3n Profesional, Formaci\u00f3n Profesional B\u00e1sica (FPB) y Ciclos Formativos de Grado Medio y Superior.\",\"publisher\":{\"@id\":\"https:\\\/\\\/malaga.salesianos.edu\\\/colegio\\\/#organization\"},\"potentialAction\":[{\"@type\":\"SearchAction\",\"target\":{\"@type\":\"EntryPoint\",\"urlTemplate\":\"https:\\\/\\\/malaga.salesianos.edu\\\/colegio\\\/?s={search_term_string}\"},\"query-input\":{\"@type\":\"PropertyValueSpecification\",\"valueRequired\":true,\"valueName\":\"search_term_string\"}}],\"inLanguage\":\"es\"},{\"@type\":\"Organization\",\"@id\":\"https:\\\/\\\/malaga.salesianos.edu\\\/colegio\\\/#organization\",\"name\":\"Salesianos M\u00e1laga\",\"url\":\"https:\\\/\\\/malaga.salesianos.edu\\\/colegio\\\/\",\"logo\":{\"@type\":\"ImageObject\",\"inLanguage\":\"es\",\"@id\":\"https:\\\/\\\/malaga.salesianos.edu\\\/colegio\\\/#\\\/schema\\\/logo\\\/image\\\/\",\"url\":\"https:\\\/\\\/malaga.salesianos.edu\\\/colegio\\\/wp-content\\\/uploads\\\/sites\\\/2\\\/2018\\\/04\\\/MALAGAobraVN2.jpg\",\"contentUrl\":\"https:\\\/\\\/malaga.salesianos.edu\\\/colegio\\\/wp-content\\\/uploads\\\/sites\\\/2\\\/2018\\\/04\\\/MALAGAobraVN2.jpg\",\"width\":1937,\"height\":1490,\"caption\":\"Salesianos M\u00e1laga\"},\"image\":{\"@id\":\"https:\\\/\\\/malaga.salesianos.edu\\\/colegio\\\/#\\\/schema\\\/logo\\\/image\\\/\"}},{\"@type\":\"Person\",\"@id\":\"\"}]}<\/script>\n<!-- \/ Yoast SEO plugin. -->","yoast_head_json":{"title":"Educaci\u00f3n Infantil celebra la Navidad con nuestro Bel\u00e9n Salesiano - Colegio Concertado San Bartolom\u00e9 | Salesianos M\u00e1laga","robots":{"index":"index","follow":"follow","max-snippet":"max-snippet:-1","max-image-preview":"max-image-preview:large","max-video-preview":"max-video-preview:-1"},"canonical":"https:\/\/malaga.salesianos.edu\/colegio\/blog\/educacion-infantil-celebra-la-navidad-con-nuestro-belen-salesiano\/","og_locale":"es_ES","og_type":"article","og_title":"Educaci\u00f3n Infantil celebra la Navidad con nuestro Bel\u00e9n Salesiano - Colegio Concertado San Bartolom\u00e9 | Salesianos M\u00e1laga","og_description":"El pasado jueves vivimos un momento entra\u00f1able con nuestro Bel\u00e9n viviente en el colegio, una aut\u00e9ntica recreaci\u00f3n de una estampa del nacimiento de Jes\u00fas.","og_url":"https:\/\/malaga.salesianos.edu\/colegio\/blog\/educacion-infantil-celebra-la-navidad-con-nuestro-belen-salesiano\/","og_site_name":"Colegio Concertado San Bartolom\u00e9 | Salesianos M\u00e1laga","article_published_time":"2018-12-22T22:16:01+00:00","article_modified_time":"2018-12-22T22:16:03+00:00","og_image":[{"width":1076,"height":699,"url":"https:\/\/malaga.salesianos.edu\/colegio\/wp-content\/uploads\/sites\/2\/2018\/12\/2018-12-22_23-11-31.jpg","type":"image\/jpeg"}],"twitter_card":"summary_large_image","twitter_misc":{"Escrito por":"","Tiempo de lectura":"1 minuto"},"schema":{"@context":"https:\/\/schema.org","@graph":[{"@type":"Article","@id":"https:\/\/malaga.salesianos.edu\/colegio\/blog\/educacion-infantil-celebra-la-navidad-con-nuestro-belen-salesiano\/#article","isPartOf":{"@id":"https:\/\/malaga.salesianos.edu\/colegio\/blog\/educacion-infantil-celebra-la-navidad-con-nuestro-belen-salesiano\/"},"author":{"name":"","@id":""},"headline":"Educaci\u00f3n Infantil celebra la Navidad con nuestro Bel\u00e9n Salesiano","datePublished":"2018-12-22T22:16:01+00:00","dateModified":"2018-12-22T22:16:03+00:00","mainEntityOfPage":{"@id":"https:\/\/malaga.salesianos.edu\/colegio\/blog\/educacion-infantil-celebra-la-navidad-con-nuestro-belen-salesiano\/"},"wordCount":288,"commentCount":0,"publisher":{"@id":"https:\/\/malaga.salesianos.edu\/colegio\/#organization"},"image":{"@id":"https:\/\/malaga.salesianos.edu\/colegio\/blog\/educacion-infantil-celebra-la-navidad-con-nuestro-belen-salesiano\/#primaryimage"},"thumbnailUrl":"https:\/\/malaga.salesianos.edu\/colegio\/wp-content\/uploads\/sites\/2\/2018\/12\/2018-12-22_23-11-31.jpg","articleSection":["Colegio","Destacado Infantil","Infantil"],"inLanguage":"es","potentialAction":[{"@type":"CommentAction","name":"Comment","target":["https:\/\/malaga.salesianos.edu\/colegio\/blog\/educacion-infantil-celebra-la-navidad-con-nuestro-belen-salesiano\/#respond"]}]},{"@type":"WebPage","@id":"https:\/\/malaga.salesianos.edu\/colegio\/blog\/educacion-infantil-celebra-la-navidad-con-nuestro-belen-salesiano\/","url":"https:\/\/malaga.salesianos.edu\/colegio\/blog\/educacion-infantil-celebra-la-navidad-con-nuestro-belen-salesiano\/","name":"Educaci\u00f3n Infantil celebra la Navidad con nuestro Bel\u00e9n Salesiano - Colegio Concertado San Bartolom\u00e9 | Salesianos M\u00e1laga","isPartOf":{"@id":"https:\/\/malaga.salesianos.edu\/colegio\/#website"},"primaryImageOfPage":{"@id":"https:\/\/malaga.salesianos.edu\/colegio\/blog\/educacion-infantil-celebra-la-navidad-con-nuestro-belen-salesiano\/#primaryimage"},"image":{"@id":"https:\/\/malaga.salesianos.edu\/colegio\/blog\/educacion-infantil-celebra-la-navidad-con-nuestro-belen-salesiano\/#primaryimage"},"thumbnailUrl":"https:\/\/malaga.salesianos.edu\/colegio\/wp-content\/uploads\/sites\/2\/2018\/12\/2018-12-22_23-11-31.jpg","datePublished":"2018-12-22T22:16:01+00:00","dateModified":"2018-12-22T22:16:03+00:00","breadcrumb":{"@id":"https:\/\/malaga.salesianos.edu\/colegio\/blog\/educacion-infantil-celebra-la-navidad-con-nuestro-belen-salesiano\/#breadcrumb"},"inLanguage":"es","potentialAction":[{"@type":"ReadAction","target":["https:\/\/malaga.salesianos.edu\/colegio\/blog\/educacion-infantil-celebra-la-navidad-con-nuestro-belen-salesiano\/"]}]},{"@type":"ImageObject","inLanguage":"es","@id":"https:\/\/malaga.salesianos.edu\/colegio\/blog\/educacion-infantil-celebra-la-navidad-con-nuestro-belen-salesiano\/#primaryimage","url":"https:\/\/malaga.salesianos.edu\/colegio\/wp-content\/uploads\/sites\/2\/2018\/12\/2018-12-22_23-11-31.jpg","contentUrl":"https:\/\/malaga.salesianos.edu\/colegio\/wp-content\/uploads\/sites\/2\/2018\/12\/2018-12-22_23-11-31.jpg","width":1076,"height":699},{"@type":"BreadcrumbList","@id":"https:\/\/malaga.salesianos.edu\/colegio\/blog\/educacion-infantil-celebra-la-navidad-con-nuestro-belen-salesiano\/#breadcrumb","itemListElement":[{"@type":"ListItem","position":1,"name":"Portada","item":"https:\/\/malaga.salesianos.edu\/colegio\/"},{"@type":"ListItem","position":2,"name":"Educaci\u00f3n Infantil celebra la Navidad con nuestro Bel\u00e9n Salesiano"}]},{"@type":"WebSite","@id":"https:\/\/malaga.salesianos.edu\/colegio\/#website","url":"https:\/\/malaga.salesianos.edu\/colegio\/","name":"Colegio Concertado San Bartolom\u00e9 | Salesianos M\u00e1laga","description":"Centro concertado. Infantil, Primaria, ESO, Bachillerato, Formaci\u00f3n Profesional, Formaci\u00f3n Profesional B\u00e1sica (FPB) y Ciclos Formativos de Grado Medio y Superior.","publisher":{"@id":"https:\/\/malaga.salesianos.edu\/colegio\/#organization"},"potentialAction":[{"@type":"SearchAction","target":{"@type":"EntryPoint","urlTemplate":"https:\/\/malaga.salesianos.edu\/colegio\/?s={search_term_string}"},"query-input":{"@type":"PropertyValueSpecification","valueRequired":true,"valueName":"search_term_string"}}],"inLanguage":"es"},{"@type":"Organization","@id":"https:\/\/malaga.salesianos.edu\/colegio\/#organization","name":"Salesianos M\u00e1laga","url":"https:\/\/malaga.salesianos.edu\/colegio\/","logo":{"@type":"ImageObject","inLanguage":"es","@id":"https:\/\/malaga.salesianos.edu\/colegio\/#\/schema\/logo\/image\/","url":"https:\/\/malaga.salesianos.edu\/colegio\/wp-content\/uploads\/sites\/2\/2018\/04\/MALAGAobraVN2.jpg","contentUrl":"https:\/\/malaga.salesianos.edu\/colegio\/wp-content\/uploads\/sites\/2\/2018\/04\/MALAGAobraVN2.jpg","width":1937,"height":1490,"caption":"Salesianos M\u00e1laga"},"image":{"@id":"https:\/\/malaga.salesianos.edu\/colegio\/#\/schema\/logo\/image\/"}},{"@type":"Person","@id":""}]}},"_links":{"self":[{"href":"https:\/\/malaga.salesianos.edu\/colegio\/wp-json\/wp\/v2\/posts\/15457","targetHints":{"allow":["GET"]}}],"collection":[{"href":"https:\/\/malaga.salesianos.edu\/colegio\/wp-json\/wp\/v2\/posts"}],"about":[{"href":"https:\/\/malaga.salesianos.edu\/colegio\/wp-json\/wp\/v2\/types\/post"}],"author":[{"embeddable":true,"href":"https:\/\/malaga.salesianos.edu\/colegio\/wp-json\/wp\/v2\/users\/6"}],"replies":[{"embeddable":true,"href":"https:\/\/malaga.salesianos.edu\/colegio\/wp-json\/wp\/v2\/comments?post=15457"}],"version-history":[{"count":1,"href":"https:\/\/malaga.salesianos.edu\/colegio\/wp-json\/wp\/v2\/posts\/15457\/revisions"}],"predecessor-version":[{"id":15459,"href":"https:\/\/malaga.salesianos.edu\/colegio\/wp-json\/wp\/v2\/posts\/15457\/revisions\/15459"}],"wp:featuredmedia":[{"embeddable":true,"href":"https:\/\/malaga.salesianos.edu\/colegio\/wp-json\/wp\/v2\/media\/15458"}],"wp:attachment":[{"href":"https:\/\/malaga.salesianos.edu\/colegio\/wp-json\/wp\/v2\/media?parent=15457"}],"wp:term":[{"taxonomy":"category","embeddable":true,"href":"https:\/\/malaga.salesianos.edu\/colegio\/wp-json\/wp\/v2\/categories?post=15457"},{"taxonomy":"post_tag","embeddable":true,"href":"https:\/\/malaga.salesianos.edu\/colegio\/wp-json\/wp\/v2\/tags?post=15457"}],"curies":[{"name":"wp","href":"https:\/\/api.w.org\/{rel}","templated":true}]}}