{"id":14601,"date":"2018-09-21T14:54:24","date_gmt":"2018-09-21T12:54:24","guid":{"rendered":"https:\/\/malaga.salesianos.edu\/colegio\/blog\/sigamos-caminando-bienvenida-a-primaria\/"},"modified":"2018-09-21T14:58:57","modified_gmt":"2018-09-21T12:58:57","slug":"sigamos-caminando-bienvenida-a-primaria","status":"publish","type":"post","link":"https:\/\/malaga.salesianos.edu\/colegio\/blog\/sigamos-caminando-bienvenida-a-primaria\/","title":{"rendered":"Sigamos caminando. Bienvenida a Primaria"},"content":{"rendered":"<p>[et_pb_section bb_built=\u00bb1&#8243; admin_label=\u00bbsection\u00bb custom_padding=\u00bb2px|0px|54px|0px\u00bb][et_pb_row admin_label=\u00bbrow\u00bb background_position=\u00bbtop_left\u00bb background_repeat=\u00bbrepeat\u00bb background_size=\u00bbinitial\u00bb][et_pb_column type=\u00bb4_4&#8243;][et_pb_text admin_label=\u00bbEntradilla\u00bb text_font=\u00bb|on|||\u00bb text_orientation=\u00bbjustified\u00bb use_border_color=\u00bboff\u00bb border_color=\u00bb#ffffff\u00bb border_style=\u00bbsolid\u00bb _builder_version=\u00bb3.15&#8243;]<\/p>\n<p><em><strong>Parece que fue ayer cuando dej\u00e1bamos aparcadas las mochilas\u00a0 para disfrutar de un gran tiempo en familia.\u00a0 Ahora es \u00e9poca de\u00a0 escuchar de nuevo el resonar de nuestra campana.<\/strong><\/em><\/p>\n<hr \/>\n<p>[\/et_pb_text][et_pb_text admin_label=\u00bbDesarrollo\u00bb text_orientation=\u00bbjustified\u00bb use_border_color=\u00bboff\u00bb border_color=\u00bb#ffffff\u00bb border_style=\u00bbsolid\u00bb _builder_version=\u00bb3.15&#8243;]<\/p>\n<p>\u00a1Hola a todos! \u00a1Hemos vuelto!<\/p>\n<p>Parece que fue ayer cuando dej\u00e1bamos aparcadas las mochilas\u00a0 para disfrutar de un gran tiempo en familia.\u00a0 Ahora es \u00e9poca de\u00a0 escuchar de nuevo el resonar de nuestra campana, el correteo por los pasillos, las risas compartidas en nuestro patio, sentir la inocencia de nuestros peques de primaria que afrontan con incertidumbre\u00a0 sus nuevos retos, y admirar a nuestros alumnos\u00a0 de 6\u00ba, que se convierten cada a\u00f1o en los mayores y en un ejemplo a seguir para todos sus compa\u00f1eros.<\/p>\n<p>D\u00eda tras d\u00eda, con un peque\u00f1o esfuerzo, iremos labrando nuestro camino para aprender todo lo\u00a0 posible bajo la tutela de Don Bosco, que seguro\u00a0 nos echa una mano. De esta manera, paso a paso,\u00a0 lograremos cumplir nuestros sue\u00f1os. Y es que si \u201cSo\u00f1amos Juntos\u201d,\u00a0 todo se har\u00e1 realidad.<\/p>\n<p>Desde nuestro Colegio Salesiano os esperamos a vosotros, padres, como firmes colaboradores en esta tarea com\u00fan que nos une: \u201cLa educaci\u00f3n de nuestros ni\u00f1os\u201d.<\/p>\n<p>Laura Espinosa.\u00a0 Maestra Educaci\u00f3n Primaria<\/p>\n<p>[\/et_pb_text][et_pb_text admin_label=\u00bbT\u00edtulo Galer\u00eda\u00bb _builder_version=\u00bb3.10&#8243;]<\/p>\n<blockquote>\n<h3><strong>Galer\u00eda de fotos:<\/strong><\/h3>\n<\/blockquote>\n<p>[\/et_pb_text][et_pb_gallery gallery_ids=\u00bb14650,14649,14648,14647&#8243; posts_number=\u00bb8&#8243; show_title_and_caption=\u00bboff\u00bb zoom_icon_color=\u00bb#d12525&#8243; hover_overlay_color=\u00bbrgba(255,255,255,0.9)\u00bb use_border_color=\u00bboff\u00bb border_color=\u00bb#ffffff\u00bb border_style=\u00bbsolid\u00bb _builder_version=\u00bb3.15&#8243; \/][\/et_pb_column][\/et_pb_row][\/et_pb_section]<\/p>\n","protected":false},"excerpt":{"rendered":"<p>Parece que fue ayer cuando dej\u00e1bamos aparcadas las mochilas\u00a0 para disfrutar de un gran tiempo en familia.\u00a0 Damos la bienvenida a Primaria.<\/p>\n","protected":false},"author":39,"featured_media":14604,"comment_status":"open","ping_status":"open","sticky":false,"template":"","format":"standard","meta":{"_et_pb_use_builder":"on","_et_pb_old_content":"","_et_gb_content_width":"","footnotes":""},"categories":[10,20],"tags":[],"class_list":["post-14601","post","type-post","status-publish","format-standard","has-post-thumbnail","hentry","category-colegio","category-primaria"],"yoast_head":"<!-- This site is optimized with the Yoast SEO plugin v27.4 - https:\/\/yoast.com\/product\/yoast-seo-wordpress\/ -->\n<title>Sigamos caminando. Bienvenida a Primaria - Colegio Concertado San Bartolom\u00e9 | Salesianos M\u00e1laga<\/title>\n<meta name=\"robots\" content=\"index, follow, max-snippet:-1, max-image-preview:large, max-video-preview:-1\" \/>\n<link rel=\"canonical\" href=\"https:\/\/malaga.salesianos.edu\/colegio\/blog\/sigamos-caminando-bienvenida-a-primaria\/\" \/>\n<meta property=\"og:locale\" content=\"es_ES\" \/>\n<meta property=\"og:type\" content=\"article\" \/>\n<meta property=\"og:title\" content=\"Sigamos caminando. Bienvenida a Primaria - Colegio Concertado San Bartolom\u00e9 | Salesianos M\u00e1laga\" \/>\n<meta property=\"og:description\" content=\"Parece que fue ayer cuando dej\u00e1bamos aparcadas las mochilas\u00a0 para disfrutar de un gran tiempo en familia.\u00a0 Damos la bienvenida a Primaria.\" \/>\n<meta property=\"og:url\" content=\"https:\/\/malaga.salesianos.edu\/colegio\/blog\/sigamos-caminando-bienvenida-a-primaria\/\" \/>\n<meta property=\"og:site_name\" content=\"Colegio Concertado San Bartolom\u00e9 | Salesianos M\u00e1laga\" \/>\n<meta property=\"article:published_time\" content=\"2018-09-21T12:54:24+00:00\" \/>\n<meta property=\"article:modified_time\" content=\"2018-09-21T12:58:57+00:00\" \/>\n<meta property=\"og:image\" content=\"https:\/\/malaga.salesianos.edu\/colegio\/wp-content\/uploads\/sites\/2\/2018\/09\/Primaria_bienvenida_4.jpg\" \/>\n\t<meta property=\"og:image:width\" content=\"1599\" \/>\n\t<meta property=\"og:image:height\" content=\"1200\" \/>\n\t<meta property=\"og:image:type\" content=\"image\/jpeg\" \/>\n<meta name=\"twitter:card\" content=\"summary_large_image\" \/>\n<meta name=\"twitter:label1\" content=\"Escrito por\" \/>\n\t<meta name=\"twitter:data1\" content=\"\" \/>\n\t<meta name=\"twitter:label2\" content=\"Tiempo de lectura\" \/>\n\t<meta name=\"twitter:data2\" content=\"2 minutos\" \/>\n<script type=\"application\/ld+json\" class=\"yoast-schema-graph\">{\"@context\":\"https:\\\/\\\/schema.org\",\"@graph\":[{\"@type\":\"Article\",\"@id\":\"https:\\\/\\\/malaga.salesianos.edu\\\/colegio\\\/blog\\\/sigamos-caminando-bienvenida-a-primaria\\\/#article\",\"isPartOf\":{\"@id\":\"https:\\\/\\\/malaga.salesianos.edu\\\/colegio\\\/blog\\\/sigamos-caminando-bienvenida-a-primaria\\\/\"},\"author\":{\"name\":\"\",\"@id\":\"\"},\"headline\":\"Sigamos caminando. Bienvenida a Primaria\",\"datePublished\":\"2018-09-21T12:54:24+00:00\",\"dateModified\":\"2018-09-21T12:58:57+00:00\",\"mainEntityOfPage\":{\"@id\":\"https:\\\/\\\/malaga.salesianos.edu\\\/colegio\\\/blog\\\/sigamos-caminando-bienvenida-a-primaria\\\/\"},\"wordCount\":352,\"commentCount\":0,\"publisher\":{\"@id\":\"https:\\\/\\\/malaga.salesianos.edu\\\/colegio\\\/#organization\"},\"image\":{\"@id\":\"https:\\\/\\\/malaga.salesianos.edu\\\/colegio\\\/blog\\\/sigamos-caminando-bienvenida-a-primaria\\\/#primaryimage\"},\"thumbnailUrl\":\"https:\\\/\\\/malaga.salesianos.edu\\\/colegio\\\/wp-content\\\/uploads\\\/sites\\\/2\\\/2018\\\/09\\\/Primaria_bienvenida_4.jpg\",\"articleSection\":[\"Colegio\",\"Primaria\"],\"inLanguage\":\"es\",\"potentialAction\":[{\"@type\":\"CommentAction\",\"name\":\"Comment\",\"target\":[\"https:\\\/\\\/malaga.salesianos.edu\\\/colegio\\\/blog\\\/sigamos-caminando-bienvenida-a-primaria\\\/#respond\"]}]},{\"@type\":\"WebPage\",\"@id\":\"https:\\\/\\\/malaga.salesianos.edu\\\/colegio\\\/blog\\\/sigamos-caminando-bienvenida-a-primaria\\\/\",\"url\":\"https:\\\/\\\/malaga.salesianos.edu\\\/colegio\\\/blog\\\/sigamos-caminando-bienvenida-a-primaria\\\/\",\"name\":\"Sigamos caminando. Bienvenida a Primaria - Colegio Concertado San Bartolom\u00e9 | Salesianos M\u00e1laga\",\"isPartOf\":{\"@id\":\"https:\\\/\\\/malaga.salesianos.edu\\\/colegio\\\/#website\"},\"primaryImageOfPage\":{\"@id\":\"https:\\\/\\\/malaga.salesianos.edu\\\/colegio\\\/blog\\\/sigamos-caminando-bienvenida-a-primaria\\\/#primaryimage\"},\"image\":{\"@id\":\"https:\\\/\\\/malaga.salesianos.edu\\\/colegio\\\/blog\\\/sigamos-caminando-bienvenida-a-primaria\\\/#primaryimage\"},\"thumbnailUrl\":\"https:\\\/\\\/malaga.salesianos.edu\\\/colegio\\\/wp-content\\\/uploads\\\/sites\\\/2\\\/2018\\\/09\\\/Primaria_bienvenida_4.jpg\",\"datePublished\":\"2018-09-21T12:54:24+00:00\",\"dateModified\":\"2018-09-21T12:58:57+00:00\",\"breadcrumb\":{\"@id\":\"https:\\\/\\\/malaga.salesianos.edu\\\/colegio\\\/blog\\\/sigamos-caminando-bienvenida-a-primaria\\\/#breadcrumb\"},\"inLanguage\":\"es\",\"potentialAction\":[{\"@type\":\"ReadAction\",\"target\":[\"https:\\\/\\\/malaga.salesianos.edu\\\/colegio\\\/blog\\\/sigamos-caminando-bienvenida-a-primaria\\\/\"]}]},{\"@type\":\"ImageObject\",\"inLanguage\":\"es\",\"@id\":\"https:\\\/\\\/malaga.salesianos.edu\\\/colegio\\\/blog\\\/sigamos-caminando-bienvenida-a-primaria\\\/#primaryimage\",\"url\":\"https:\\\/\\\/malaga.salesianos.edu\\\/colegio\\\/wp-content\\\/uploads\\\/sites\\\/2\\\/2018\\\/09\\\/Primaria_bienvenida_4.jpg\",\"contentUrl\":\"https:\\\/\\\/malaga.salesianos.edu\\\/colegio\\\/wp-content\\\/uploads\\\/sites\\\/2\\\/2018\\\/09\\\/Primaria_bienvenida_4.jpg\",\"width\":1599,\"height\":1200},{\"@type\":\"BreadcrumbList\",\"@id\":\"https:\\\/\\\/malaga.salesianos.edu\\\/colegio\\\/blog\\\/sigamos-caminando-bienvenida-a-primaria\\\/#breadcrumb\",\"itemListElement\":[{\"@type\":\"ListItem\",\"position\":1,\"name\":\"Portada\",\"item\":\"https:\\\/\\\/malaga.salesianos.edu\\\/colegio\\\/\"},{\"@type\":\"ListItem\",\"position\":2,\"name\":\"Sigamos caminando. Bienvenida a Primaria\"}]},{\"@type\":\"WebSite\",\"@id\":\"https:\\\/\\\/malaga.salesianos.edu\\\/colegio\\\/#website\",\"url\":\"https:\\\/\\\/malaga.salesianos.edu\\\/colegio\\\/\",\"name\":\"Colegio Concertado San Bartolom\u00e9 | Salesianos M\u00e1laga\",\"description\":\"Centro concertado. Infantil, Primaria, ESO, Bachillerato, Formaci\u00f3n Profesional, Formaci\u00f3n Profesional B\u00e1sica (FPB) y Ciclos Formativos de Grado Medio y Superior.\",\"publisher\":{\"@id\":\"https:\\\/\\\/malaga.salesianos.edu\\\/colegio\\\/#organization\"},\"potentialAction\":[{\"@type\":\"SearchAction\",\"target\":{\"@type\":\"EntryPoint\",\"urlTemplate\":\"https:\\\/\\\/malaga.salesianos.edu\\\/colegio\\\/?s={search_term_string}\"},\"query-input\":{\"@type\":\"PropertyValueSpecification\",\"valueRequired\":true,\"valueName\":\"search_term_string\"}}],\"inLanguage\":\"es\"},{\"@type\":\"Organization\",\"@id\":\"https:\\\/\\\/malaga.salesianos.edu\\\/colegio\\\/#organization\",\"name\":\"Salesianos M\u00e1laga\",\"url\":\"https:\\\/\\\/malaga.salesianos.edu\\\/colegio\\\/\",\"logo\":{\"@type\":\"ImageObject\",\"inLanguage\":\"es\",\"@id\":\"https:\\\/\\\/malaga.salesianos.edu\\\/colegio\\\/#\\\/schema\\\/logo\\\/image\\\/\",\"url\":\"https:\\\/\\\/malaga.salesianos.edu\\\/colegio\\\/wp-content\\\/uploads\\\/sites\\\/2\\\/2018\\\/04\\\/MALAGAobraVN2.jpg\",\"contentUrl\":\"https:\\\/\\\/malaga.salesianos.edu\\\/colegio\\\/wp-content\\\/uploads\\\/sites\\\/2\\\/2018\\\/04\\\/MALAGAobraVN2.jpg\",\"width\":1937,\"height\":1490,\"caption\":\"Salesianos M\u00e1laga\"},\"image\":{\"@id\":\"https:\\\/\\\/malaga.salesianos.edu\\\/colegio\\\/#\\\/schema\\\/logo\\\/image\\\/\"}},{\"@type\":\"Person\",\"@id\":\"\"}]}<\/script>\n<!-- \/ Yoast SEO plugin. -->","yoast_head_json":{"title":"Sigamos caminando. Bienvenida a Primaria - Colegio Concertado San Bartolom\u00e9 | Salesianos M\u00e1laga","robots":{"index":"index","follow":"follow","max-snippet":"max-snippet:-1","max-image-preview":"max-image-preview:large","max-video-preview":"max-video-preview:-1"},"canonical":"https:\/\/malaga.salesianos.edu\/colegio\/blog\/sigamos-caminando-bienvenida-a-primaria\/","og_locale":"es_ES","og_type":"article","og_title":"Sigamos caminando. Bienvenida a Primaria - Colegio Concertado San Bartolom\u00e9 | Salesianos M\u00e1laga","og_description":"Parece que fue ayer cuando dej\u00e1bamos aparcadas las mochilas\u00a0 para disfrutar de un gran tiempo en familia.\u00a0 Damos la bienvenida a Primaria.","og_url":"https:\/\/malaga.salesianos.edu\/colegio\/blog\/sigamos-caminando-bienvenida-a-primaria\/","og_site_name":"Colegio Concertado San Bartolom\u00e9 | Salesianos M\u00e1laga","article_published_time":"2018-09-21T12:54:24+00:00","article_modified_time":"2018-09-21T12:58:57+00:00","og_image":[{"width":1599,"height":1200,"url":"https:\/\/malaga.salesianos.edu\/colegio\/wp-content\/uploads\/sites\/2\/2018\/09\/Primaria_bienvenida_4.jpg","type":"image\/jpeg"}],"twitter_card":"summary_large_image","twitter_misc":{"Escrito por":"","Tiempo de lectura":"2 minutos"},"schema":{"@context":"https:\/\/schema.org","@graph":[{"@type":"Article","@id":"https:\/\/malaga.salesianos.edu\/colegio\/blog\/sigamos-caminando-bienvenida-a-primaria\/#article","isPartOf":{"@id":"https:\/\/malaga.salesianos.edu\/colegio\/blog\/sigamos-caminando-bienvenida-a-primaria\/"},"author":{"name":"","@id":""},"headline":"Sigamos caminando. Bienvenida a Primaria","datePublished":"2018-09-21T12:54:24+00:00","dateModified":"2018-09-21T12:58:57+00:00","mainEntityOfPage":{"@id":"https:\/\/malaga.salesianos.edu\/colegio\/blog\/sigamos-caminando-bienvenida-a-primaria\/"},"wordCount":352,"commentCount":0,"publisher":{"@id":"https:\/\/malaga.salesianos.edu\/colegio\/#organization"},"image":{"@id":"https:\/\/malaga.salesianos.edu\/colegio\/blog\/sigamos-caminando-bienvenida-a-primaria\/#primaryimage"},"thumbnailUrl":"https:\/\/malaga.salesianos.edu\/colegio\/wp-content\/uploads\/sites\/2\/2018\/09\/Primaria_bienvenida_4.jpg","articleSection":["Colegio","Primaria"],"inLanguage":"es","potentialAction":[{"@type":"CommentAction","name":"Comment","target":["https:\/\/malaga.salesianos.edu\/colegio\/blog\/sigamos-caminando-bienvenida-a-primaria\/#respond"]}]},{"@type":"WebPage","@id":"https:\/\/malaga.salesianos.edu\/colegio\/blog\/sigamos-caminando-bienvenida-a-primaria\/","url":"https:\/\/malaga.salesianos.edu\/colegio\/blog\/sigamos-caminando-bienvenida-a-primaria\/","name":"Sigamos caminando. Bienvenida a Primaria - Colegio Concertado San Bartolom\u00e9 | Salesianos M\u00e1laga","isPartOf":{"@id":"https:\/\/malaga.salesianos.edu\/colegio\/#website"},"primaryImageOfPage":{"@id":"https:\/\/malaga.salesianos.edu\/colegio\/blog\/sigamos-caminando-bienvenida-a-primaria\/#primaryimage"},"image":{"@id":"https:\/\/malaga.salesianos.edu\/colegio\/blog\/sigamos-caminando-bienvenida-a-primaria\/#primaryimage"},"thumbnailUrl":"https:\/\/malaga.salesianos.edu\/colegio\/wp-content\/uploads\/sites\/2\/2018\/09\/Primaria_bienvenida_4.jpg","datePublished":"2018-09-21T12:54:24+00:00","dateModified":"2018-09-21T12:58:57+00:00","breadcrumb":{"@id":"https:\/\/malaga.salesianos.edu\/colegio\/blog\/sigamos-caminando-bienvenida-a-primaria\/#breadcrumb"},"inLanguage":"es","potentialAction":[{"@type":"ReadAction","target":["https:\/\/malaga.salesianos.edu\/colegio\/blog\/sigamos-caminando-bienvenida-a-primaria\/"]}]},{"@type":"ImageObject","inLanguage":"es","@id":"https:\/\/malaga.salesianos.edu\/colegio\/blog\/sigamos-caminando-bienvenida-a-primaria\/#primaryimage","url":"https:\/\/malaga.salesianos.edu\/colegio\/wp-content\/uploads\/sites\/2\/2018\/09\/Primaria_bienvenida_4.jpg","contentUrl":"https:\/\/malaga.salesianos.edu\/colegio\/wp-content\/uploads\/sites\/2\/2018\/09\/Primaria_bienvenida_4.jpg","width":1599,"height":1200},{"@type":"BreadcrumbList","@id":"https:\/\/malaga.salesianos.edu\/colegio\/blog\/sigamos-caminando-bienvenida-a-primaria\/#breadcrumb","itemListElement":[{"@type":"ListItem","position":1,"name":"Portada","item":"https:\/\/malaga.salesianos.edu\/colegio\/"},{"@type":"ListItem","position":2,"name":"Sigamos caminando. Bienvenida a Primaria"}]},{"@type":"WebSite","@id":"https:\/\/malaga.salesianos.edu\/colegio\/#website","url":"https:\/\/malaga.salesianos.edu\/colegio\/","name":"Colegio Concertado San Bartolom\u00e9 | Salesianos M\u00e1laga","description":"Centro concertado. Infantil, Primaria, ESO, Bachillerato, Formaci\u00f3n Profesional, Formaci\u00f3n Profesional B\u00e1sica (FPB) y Ciclos Formativos de Grado Medio y Superior.","publisher":{"@id":"https:\/\/malaga.salesianos.edu\/colegio\/#organization"},"potentialAction":[{"@type":"SearchAction","target":{"@type":"EntryPoint","urlTemplate":"https:\/\/malaga.salesianos.edu\/colegio\/?s={search_term_string}"},"query-input":{"@type":"PropertyValueSpecification","valueRequired":true,"valueName":"search_term_string"}}],"inLanguage":"es"},{"@type":"Organization","@id":"https:\/\/malaga.salesianos.edu\/colegio\/#organization","name":"Salesianos M\u00e1laga","url":"https:\/\/malaga.salesianos.edu\/colegio\/","logo":{"@type":"ImageObject","inLanguage":"es","@id":"https:\/\/malaga.salesianos.edu\/colegio\/#\/schema\/logo\/image\/","url":"https:\/\/malaga.salesianos.edu\/colegio\/wp-content\/uploads\/sites\/2\/2018\/04\/MALAGAobraVN2.jpg","contentUrl":"https:\/\/malaga.salesianos.edu\/colegio\/wp-content\/uploads\/sites\/2\/2018\/04\/MALAGAobraVN2.jpg","width":1937,"height":1490,"caption":"Salesianos M\u00e1laga"},"image":{"@id":"https:\/\/malaga.salesianos.edu\/colegio\/#\/schema\/logo\/image\/"}},{"@type":"Person","@id":""}]}},"_links":{"self":[{"href":"https:\/\/malaga.salesianos.edu\/colegio\/wp-json\/wp\/v2\/posts\/14601","targetHints":{"allow":["GET"]}}],"collection":[{"href":"https:\/\/malaga.salesianos.edu\/colegio\/wp-json\/wp\/v2\/posts"}],"about":[{"href":"https:\/\/malaga.salesianos.edu\/colegio\/wp-json\/wp\/v2\/types\/post"}],"author":[{"embeddable":true,"href":"https:\/\/malaga.salesianos.edu\/colegio\/wp-json\/wp\/v2\/users\/39"}],"replies":[{"embeddable":true,"href":"https:\/\/malaga.salesianos.edu\/colegio\/wp-json\/wp\/v2\/comments?post=14601"}],"version-history":[{"count":1,"href":"https:\/\/malaga.salesianos.edu\/colegio\/wp-json\/wp\/v2\/posts\/14601\/revisions"}],"predecessor-version":[{"id":14603,"href":"https:\/\/malaga.salesianos.edu\/colegio\/wp-json\/wp\/v2\/posts\/14601\/revisions\/14603"}],"wp:featuredmedia":[{"embeddable":true,"href":"https:\/\/malaga.salesianos.edu\/colegio\/wp-json\/wp\/v2\/media\/14604"}],"wp:attachment":[{"href":"https:\/\/malaga.salesianos.edu\/colegio\/wp-json\/wp\/v2\/media?parent=14601"}],"wp:term":[{"taxonomy":"category","embeddable":true,"href":"https:\/\/malaga.salesianos.edu\/colegio\/wp-json\/wp\/v2\/categories?post=14601"},{"taxonomy":"post_tag","embeddable":true,"href":"https:\/\/malaga.salesianos.edu\/colegio\/wp-json\/wp\/v2\/tags?post=14601"}],"curies":[{"name":"wp","href":"https:\/\/api.w.org\/{rel}","templated":true}]}}