{"id":11553,"date":"2018-04-29T00:05:36","date_gmt":"2018-04-28T22:05:36","guid":{"rendered":"https:\/\/malaga.salesianos.edu\/colegio\/blog\/gran-exito-de-la-i-semana-cultural-de-salesianos-malaga\/"},"modified":"2018-04-29T13:18:10","modified_gmt":"2018-04-29T11:18:10","slug":"gran-exito-de-la-i-semana-cultural-de-salesianos-malaga","status":"publish","type":"post","link":"https:\/\/malaga.salesianos.edu\/colegio\/blog\/gran-exito-de-la-i-semana-cultural-de-salesianos-malaga\/","title":{"rendered":"Gran \u00e9xito de la \u201cI Semana Cultural de Salesianos M\u00e1laga\u201d"},"content":{"rendered":"<p>[et_pb_section bb_built=\u00bb1&#8243; admin_label=\u00bbsection\u00bb custom_padding=\u00bb2px|0px|54px|0px\u00bb][et_pb_row admin_label=\u00bbrow\u00bb background_position=\u00bbtop_left\u00bb background_repeat=\u00bbrepeat\u00bb background_size=\u00bbinitial\u00bb][et_pb_column type=\u00bb4_4&#8243;][et_pb_text admin_label=\u00bbAutor\u00bb use_border_color=\u00bboff\u00bb border_color=\u00bb#ffffff\u00bb border_style=\u00bbsolid\u00bb _builder_version=\u00bb3.2&#8243;]<\/p>\n<p>Por\u00a0Carmen Ortega<\/p>\n<p>[\/et_pb_text][et_pb_text admin_label=\u00bbEntradilla\u00bb text_font=\u00bb|on|||\u00bb text_orientation=\u00bbjustified\u00bb use_border_color=\u00bboff\u00bb border_color=\u00bb#ffffff\u00bb border_style=\u00bbsolid\u00bb _builder_version=\u00bb3.2&#8243;]<\/p>\n<p><em><b>Del 23 al 27 de abril se desarroll\u00f3 la \u201d I Semana Cultural en Salesianos M\u00e1laga\u201d. Dicha semana gir\u00f3 alrededor de las letras, la creatividad y la expresi\u00f3n.<\/b><\/em><\/p>\n<hr \/>\n<p>[\/et_pb_text][et_pb_text admin_label=\u00bbDesarrollo\u00bb text_orientation=\u00bbjustified\u00bb use_border_color=\u00bboff\u00bb _builder_version=\u00bb3.2&#8243;]<\/p>\n<p><img loading=\"lazy\" decoding=\"async\" class=\"alignleft size-thumbnail wp-image-11564\" src=\"https:\/\/malaga.salesianos.edu\/colegio\/wp-content\/uploads\/sites\/2\/2018\/04\/1_Semana_cultural-150x150.jpg\" alt=\"\" width=\"150\" height=\"150\" \/>La I Semana Cultural gir\u00f3 alrededor de las letras, la creatividad y la expresi\u00f3n, y durante ella se desarrollaron una serie de actividades en las que participaron todas las etapas educativas. Algunas de las m\u00e1s destacadas fueron las siguientes:<\/p>\n<p>El alumnado de <strong>4\u00ba de Educaci\u00f3n Primaria<\/strong> recibi\u00f3 la visita del escritor malague\u00f1o <em><strong>Pablo Aranda<\/strong><\/em>. El literato present\u00f3 ante los alumnos su libro \u00abFede quiere ser pirata\u00bb. La charla fue muy amena e interesante, ya que no solo se limit\u00f3 a hablar sobre su libro, sino que tambi\u00e9n habl\u00f3 sobre sus experiencias personales como escritor. Tal fue la conexi\u00f3n entre escritor y el peque\u00f1o p\u00fablico, que al final del acto le pidieron que contara un cuento, a lo que Pablo accedi\u00f3 encantado. Para acabar la visita y con motivo del cumplea\u00f1os del autor que coincid\u00eda con la visita, fue obsequiado con un detalle del centro.<\/p>\n<p>En <strong>1\u00ba de Bachillerato<\/strong>, llevaron a cabo en clase un debate desde el \u00e1rea de Filosof\u00eda. Este se bas\u00f3 en el dilema del tren o el tranv\u00eda, experimento mental ideado por <em><strong>Philippa Foot<\/strong><\/em>, que busca mediante una situaci\u00f3n extrema hacer reflexionar en la \u00e9tica.\u00a0Fue una experiencia muy positiva, donde los j\u00f3venes argumentaron frente a sus compa\u00f1eros, diversas posturas, propiciando en ellos el razonamiento ,el pensamiento y el respeto a las diversas opiniones.<\/p>\n<p><strong>3\u00ba de E.S.O<\/strong> recit\u00f3 en el teatro <strong>poemas<\/strong> fundament\u00e1ndose en los <strong>derechos humanos<\/strong>. Concretamente se han centrado en los 30 derechos fundamentales inquebrantables, que tienen como ejes vertebrales los derechos civiles y pol\u00edticos. La representaci\u00f3n dur\u00f3 algo m\u00e1s de una hora y cuarto, d\u00f3nde tambi\u00e9n tuvieron cabida los poemas recitados en Lat\u00edn por parte de los alumnos que cursan la optativa de Cultura Cl\u00e1sica.\u00a0Tras ello, qued\u00f3 claro que como dec\u00eda\u00a0<em><strong>Kofi Annan<\/strong><\/em>, ex secretario general de Naciones Unidas \u201cLos derechos humanos son sus derechos. T\u00f3menlos. Defi\u00e9ndanlos. Promu\u00e9vanlos. Enti\u00e9ndanlos e insistan en ellos. N\u00fatranlos y enriqu\u00e9zcanlos\u2026son lo mejor de nosotros\u201d.<\/p>\n<p>En <strong>1\u00ba, 2\u00ba y 3\u00ba de ESO<\/strong> han realizado, dentro del programa de la semana cultural, diversos talleres desde el \u00e1rea de Lengua. En <strong>1\u00ba de ESO<\/strong> han llevado a cabo un <strong>taller de c\u00f3mo escribir un\u00a0 cuento popular<\/strong>, donde los alumnos han desarrollado\u00a0 y disfrutado de la experiencia, creando por grupos sus propios relatos. En<strong> 2\u00ba de ESO<\/strong> han aprendido acerca de c\u00f3mo realizar un microrrelato. La experiencia ha sido muy positiva. Los chicos han producido sus propios <strong>microrrelatos<\/strong>, que han le\u00eddo posteriormente en clase\u00a0 acompa\u00f1ados de m\u00fasica. En <strong>3\u00ba de ESO<\/strong>, atendiendo al temario y uni\u00e9ndolo con \u00bb la semana\u00bb, se ha efectuado una clase donde se ha reflexionado acerca de la relaci\u00f3n del <strong>flamenco<\/strong> con el dialecto andaluz. Seguidamente, se realiz\u00f3 una selecci\u00f3n de v\u00eddeos musicales, como ejemplo de la evoluci\u00f3n y fusi\u00f3n del flamenco desde los a\u00f1os 60 hasta la actualidad, con otros g\u00e9neros musicales. Adem\u00e1s, en <strong>1\u00ba de ESO<\/strong> han realizado una <strong>representaci\u00f3n de los dioses griegos en el teatro<\/strong>. Mediante esta actividad, los j\u00f3venes se han acercado a la cultura de una forma l\u00fadica y divertida.<\/p>\n<p>Los alumnos y alumnas de <strong>5\u00b0 de Primaria<\/strong> se convirtieron en <strong>juglares y recitaron romances<\/strong> para celebrar el d\u00eda del libro. Teatro de t\u00edteres en nuestro patio del colegio. Los alumnos\/as de <strong>3\u00b0ESO<\/strong> representaron teatros de <strong>gui\u00f1ol<\/strong> para los peque\u00f1os de <strong>Educaci\u00f3n Infantil<\/strong>.<\/p>\n<p>Continuando con las actividades de la \u00abI Semana Cultural\u00bb,\u00a0 los alumnos de <strong>Bachillerato<\/strong> han conocido la actividad y funcionamiento del <strong>Archivo Hist\u00f3rico Provincial<\/strong>, han accedido a los fondos y colecciones documentales que custodian documentos del siglos XVI. Se realiz\u00f3 un <strong>tendedero literario en la etapa educativa de ESO<\/strong>, y en <strong>Primaria<\/strong>, actividad con aplicaci\u00f3n, <strong>realizaci\u00f3n de c\u00f3mics y cuentacuentos.<\/strong><\/p>\n<p>El viernes a \u00faltima hora, y como cierre de la Semana Cultural, se celebr\u00f3 la <strong>entrega de premios del \u00abI concurso literario de relato corto\u00bb<\/strong>. Acompa\u00f1ados por los alumnos de ESO, 1\u00ba de Bachillerato y los participantes de 2\u00ba de Bachillerato, disfrutamos de la entrega de premios. Nos acompa\u00f1\u00f3 en\u00a0 el acto Do\u00f1a Teresa Fern\u00e1ndez- Gallego, D. Alfonso Vicente y D. Antonio Gil que despidi\u00f3 la semana con unas emotivas y alentadoras palabras.<\/p>\n<p><strong>En la categor\u00eda de Educaci\u00f3n Secundaria Obligatoria<\/strong> los premiados fueron: en tercer lugar <em><strong>Marina Avil\u00e9s<\/strong> <\/em>de 4A de ESO, en segundo lugar <em><strong>Alexandra Corbacho<\/strong><\/em> de 2A de ESO y en primer lugar <em><strong>Miguel Matar\u00edn<\/strong><\/em> de 3B de ESO.<\/p>\n<p><strong>En la categor\u00eda de Postobligatoria<\/strong> los premiados fueron: en tercer lugar <em><strong>Araceli Mart\u00ednez<\/strong><\/em> de 1BCT-B, en 2\u00ba lugar <em><strong>Clara Cuenca <\/strong><\/em>de 2BCT-B y en primer lugar<em><strong> Marta Mart\u00ednez <\/strong><\/em>de 2BH.<\/p>\n<p>Damos la Enhorabuena a todos los premiados, y esperamos que el pr\u00f3ximo curso, la acogida del concurso sea tan positiva como la de este a\u00f1o.<\/p>\n<p>&nbsp;<\/p>\n<blockquote>\n<h3><strong>Galer\u00eda de fotos:<\/strong><\/h3>\n<\/blockquote>\n<p>[\/et_pb_text][et_pb_text _builder_version=\u00bb3.2&#8243;]<\/p>\n<style id=\"bwg-style-0\">    #bwg_container1_0 #bwg_container2_0 .bwg-container-0.bwg-standard-thumbnails {      width: 904px;              justify-content: center;        margin:0 auto !important;              background-color: rgba(255, 255, 255, 0.00);            padding-left: 4px;      padding-top: 4px;      max-width: 100%;            }        #bwg_container1_0 #bwg_container2_0 .bwg-container-0.bwg-standard-thumbnails .bwg-item {    justify-content: flex-start;      max-width: 180px;            width: 180px !important;          }    #bwg_container1_0 #bwg_container2_0 .bwg-container-0.bwg-standard-thumbnails .bwg-item a {       margin-right: 4px;       margin-bottom: 4px;    }    #bwg_container1_0 #bwg_container2_0 .bwg-container-0.bwg-standard-thumbnails .bwg-item0 {      padding: 0px;            background-color:rgba(255,255,255, 0.30);      border: 0px none #CCCCCC;      opacity: 1.00;      border-radius: 0;      box-shadow: 0px 0px 0px #888888;    }    #bwg_container1_0 #bwg_container2_0 .bwg-container-0.bwg-standard-thumbnails .bwg-item1 img {      max-height: none;      max-width: none;      padding: 0 !important;    }        @media only screen and (min-width: 480px) {      #bwg_container1_0 #bwg_container2_0 .bwg-container-0.bwg-standard-thumbnails .bwg-item0 {        transition: all 0.3s ease 0s;-webkit-transition: all 0.3s ease 0s;      }      #bwg_container1_0 #bwg_container2_0 .bwg-container-0.bwg-standard-thumbnails .bwg-item0:hover {        -ms-transform: scale(1.1);        -webkit-transform: scale(1.1);        transform: scale(1.1);      }    }          #bwg_container1_0 #bwg_container2_0 .bwg-container-0.bwg-standard-thumbnails .bwg-item1 {      padding-top: 50%;    }        #bwg_container1_0 #bwg_container2_0 .bwg-container-0.bwg-standard-thumbnails .bwg-title2,    #bwg_container1_0 #bwg_container2_0 .bwg-container-0.bwg-standard-thumbnails .bwg-ecommerce2 {      color: #CCCCCC;      font-family: segoe ui;      font-size: 16px;      font-weight: bold;      padding: 2px;      text-shadow: 0px 0px 0px #888888;      max-height: 100%;    }    #bwg_container1_0 #bwg_container2_0 .bwg-container-0.bwg-standard-thumbnails .bwg-thumb-description span {    color: #323A45;    font-family: Ubuntu;    font-size: 12px;    max-height: 100%;    word-wrap: break-word;    }    #bwg_container1_0 #bwg_container2_0 .bwg-container-0.bwg-standard-thumbnails .bwg-play-icon2 {      font-size: 32px;    }    #bwg_container1_0 #bwg_container2_0 .bwg-container-0.bwg-standard-thumbnails .bwg-ecommerce2 {      font-size: 19.2px;      color: #CCCCCC;    }    <\/style>    <div id=\"bwg_container1_0\"         class=\"bwg_container bwg_thumbnail bwg_thumbnails \"         data-right-click-protection=\"0\"         data-bwg=\"0\"         data-scroll=\"0\"         data-gallery-type=\"thumbnails\"         data-gallery-view-type=\"thumbnails\"         data-current-url=\"\/colegio\/wp-json\/wp\/v2\/posts\/11553\"         data-lightbox-url=\"https:\/\/malaga.salesianos.edu\/colegio\/wp-admin\/admin-ajax.php?action=GalleryBox&#038;current_view=0&#038;gallery_id=6&#038;tag=0&#038;theme_id=1&#038;shortcode_id=14&#038;sort_by=order&#038;order_by=asc&#038;current_url=%2Fcolegio%2Fwp-json%2Fwp%2Fv2%2Fposts%2F11553\"         data-gallery-id=\"6\"         data-popup-width=\"800\"         data-popup-height=\"500\"         data-is-album=\"gallery\"         data-buttons-position=\"bottom\">      <div id=\"bwg_container2_0\">             <div id=\"ajax_loading_0\" class=\"bwg_loading_div_1\">      <div class=\"bwg_loading_div_2\">        <div class=\"bwg_loading_div_3\">          <div id=\"loading_div_0\" class=\"bwg_spider_ajax_loading\">          <\/div>        <\/div>      <\/div>    <\/div>            <form id=\"gal_front_form_0\"              class=\"bwg-hidden\"              method=\"post\"              action=\"#\"              data-current=\"0\"              data-shortcode-id=\"14\"              data-gallery-type=\"thumbnails\"              data-gallery-id=\"6\"              data-tag=\"0\"              data-album-id=\"0\"              data-theme-id=\"1\"              data-ajax-url=\"https:\/\/malaga.salesianos.edu\/colegio\/wp-admin\/admin-ajax.php?action=bwg_frontend_data\">          <div id=\"bwg_container3_0\" class=\"bwg-background bwg-background-0\">                <div data-max-count=\"5\"         data-thumbnail-width=\"180\"         data-bwg=\"0\"         data-gallery-id=\"6\"         data-lightbox-url=\"https:\/\/malaga.salesianos.edu\/colegio\/wp-admin\/admin-ajax.php?action=GalleryBox&amp;current_view=0&amp;gallery_id=6&amp;tag=0&amp;theme_id=1&amp;shortcode_id=14&amp;sort_by=order&amp;order_by=asc&amp;current_url=%2Fcolegio%2Fwp-json%2Fwp%2Fv2%2Fposts%2F11553\"         id=\"bwg_thumbnails_0\"         class=\"bwg-container-0 bwg-thumbnails bwg-standard-thumbnails bwg-container bwg-border-box\">            <div class=\"bwg-item\">        <a class=\"bwg-a  bwg_lightbox\"  data-image-id=\"128\" href=\"https:\/\/malaga.salesianos.edu\/colegio\/wp-content\/uploads\/sites\/2\/photo-gallery\/I_Semana_Cultural_de_Salesianos_M\u00e1laga\/Semana_cultural_1718_1.jpg\" data-elementor-open-lightbox=\"no\">                <div class=\"bwg-item0 \">          <div class=\"bwg-item1 \">            <div class=\"bwg-item2\">              <img decoding=\"async\" class=\"skip-lazy bwg_standart_thumb_img_0 \"                   data-id=\"128\"                   data-width=\"300.00\"                   data-height=\"225.00\"                   data-src=\"https:\/\/malaga.salesianos.edu\/colegio\/wp-content\/uploads\/sites\/2\/photo-gallery\/I_Semana_Cultural_de_Salesianos_M\u00e1laga\/thumb\/Semana_cultural_1718_1.jpg\"                   src=\"https:\/\/malaga.salesianos.edu\/colegio\/wp-content\/uploads\/sites\/2\/photo-gallery\/I_Semana_Cultural_de_Salesianos_M\u00e1laga\/thumb\/Semana_cultural_1718_1.jpg\"                   alt=\"Semana cultural 1718 1\"                   title=\"Semana cultural 1718 1\" \/>            <\/div>            <div class=\"\">                                                      <\/div>          <\/div>        <\/div>                        <\/a>              <\/div>            <div class=\"bwg-item\">        <a class=\"bwg-a  bwg_lightbox\"  data-image-id=\"127\" href=\"https:\/\/malaga.salesianos.edu\/colegio\/wp-content\/uploads\/sites\/2\/photo-gallery\/I_Semana_Cultural_de_Salesianos_M\u00e1laga\/Semana_cultural_1718_premios_2.jpg\" data-elementor-open-lightbox=\"no\">                <div class=\"bwg-item0 \">          <div class=\"bwg-item1 \">            <div class=\"bwg-item2\">              <img decoding=\"async\" class=\"skip-lazy bwg_standart_thumb_img_0 \"                   data-id=\"127\"                   data-width=\"300.00\"                   data-height=\"225.00\"                   data-src=\"https:\/\/malaga.salesianos.edu\/colegio\/wp-content\/uploads\/sites\/2\/photo-gallery\/I_Semana_Cultural_de_Salesianos_M\u00e1laga\/thumb\/Semana_cultural_1718_premios_2.jpg\"                   src=\"https:\/\/malaga.salesianos.edu\/colegio\/wp-content\/uploads\/sites\/2\/photo-gallery\/I_Semana_Cultural_de_Salesianos_M\u00e1laga\/thumb\/Semana_cultural_1718_premios_2.jpg\"                   alt=\"Semana cultural 1718 premios 2\"                   title=\"Semana cultural 1718 premios 2\" \/>            <\/div>            <div class=\"\">                                                      <\/div>          <\/div>        <\/div>                        <\/a>              <\/div>            <div class=\"bwg-item\">        <a class=\"bwg-a  bwg_lightbox\"  data-image-id=\"126\" href=\"https:\/\/malaga.salesianos.edu\/colegio\/wp-content\/uploads\/sites\/2\/photo-gallery\/I_Semana_Cultural_de_Salesianos_M\u00e1laga\/Semana_cultural_1718_premios_1.jpg\" data-elementor-open-lightbox=\"no\">                <div class=\"bwg-item0 \">          <div class=\"bwg-item1 \">            <div class=\"bwg-item2\">              <img decoding=\"async\" class=\"skip-lazy bwg_standart_thumb_img_0 \"                   data-id=\"126\"                   data-width=\"300.00\"                   data-height=\"225.00\"                   data-src=\"https:\/\/malaga.salesianos.edu\/colegio\/wp-content\/uploads\/sites\/2\/photo-gallery\/I_Semana_Cultural_de_Salesianos_M\u00e1laga\/thumb\/Semana_cultural_1718_premios_1.jpg\"                   src=\"https:\/\/malaga.salesianos.edu\/colegio\/wp-content\/uploads\/sites\/2\/photo-gallery\/I_Semana_Cultural_de_Salesianos_M\u00e1laga\/thumb\/Semana_cultural_1718_premios_1.jpg\"                   alt=\"Semana cultural 1718 premios 1\"                   title=\"Semana cultural 1718 premios 1\" \/>            <\/div>            <div class=\"\">                                                      <\/div>          <\/div>        <\/div>                        <\/a>              <\/div>            <div class=\"bwg-item\">        <a class=\"bwg-a  bwg_lightbox\"  data-image-id=\"125\" href=\"https:\/\/malaga.salesianos.edu\/colegio\/wp-content\/uploads\/sites\/2\/photo-gallery\/I_Semana_Cultural_de_Salesianos_M\u00e1laga\/Semana_cultural_1718_premios_5.jpg\" data-elementor-open-lightbox=\"no\">                <div class=\"bwg-item0 \">          <div class=\"bwg-item1 \">            <div class=\"bwg-item2\">              <img decoding=\"async\" class=\"skip-lazy bwg_standart_thumb_img_0 \"                   data-id=\"125\"                   data-width=\"300.00\"                   data-height=\"225.00\"                   data-src=\"https:\/\/malaga.salesianos.edu\/colegio\/wp-content\/uploads\/sites\/2\/photo-gallery\/I_Semana_Cultural_de_Salesianos_M\u00e1laga\/thumb\/Semana_cultural_1718_premios_5.jpg\"                   src=\"https:\/\/malaga.salesianos.edu\/colegio\/wp-content\/uploads\/sites\/2\/photo-gallery\/I_Semana_Cultural_de_Salesianos_M\u00e1laga\/thumb\/Semana_cultural_1718_premios_5.jpg\"                   alt=\"Semana cultural 1718 premios 5\"                   title=\"Semana cultural 1718 premios 5\" \/>            <\/div>            <div class=\"\">                                                      <\/div>          <\/div>        <\/div>                        <\/a>              <\/div>            <div class=\"bwg-item\">        <a class=\"bwg-a  bwg_lightbox\"  data-image-id=\"124\" href=\"https:\/\/malaga.salesianos.edu\/colegio\/wp-content\/uploads\/sites\/2\/photo-gallery\/I_Semana_Cultural_de_Salesianos_M\u00e1laga\/Semana_cultural_1718_2.jpg\" data-elementor-open-lightbox=\"no\">                <div class=\"bwg-item0 \">          <div class=\"bwg-item1 \">            <div class=\"bwg-item2\">              <img decoding=\"async\" class=\"skip-lazy bwg_standart_thumb_img_0 \"                   data-id=\"124\"                   data-width=\"300.00\"                   data-height=\"225.00\"                   data-src=\"https:\/\/malaga.salesianos.edu\/colegio\/wp-content\/uploads\/sites\/2\/photo-gallery\/I_Semana_Cultural_de_Salesianos_M\u00e1laga\/thumb\/Semana_cultural_1718_2.jpg\"                   src=\"https:\/\/malaga.salesianos.edu\/colegio\/wp-content\/uploads\/sites\/2\/photo-gallery\/I_Semana_Cultural_de_Salesianos_M\u00e1laga\/thumb\/Semana_cultural_1718_2.jpg\"                   alt=\"Semana cultural 1718 2\"                   title=\"Semana cultural 1718 2\" \/>            <\/div>            <div class=\"\">                                                      <\/div>          <\/div>        <\/div>                        <\/a>              <\/div>            <div class=\"bwg-item\">        <a class=\"bwg-a  bwg_lightbox\"  data-image-id=\"123\" href=\"https:\/\/malaga.salesianos.edu\/colegio\/wp-content\/uploads\/sites\/2\/photo-gallery\/I_Semana_Cultural_de_Salesianos_M\u00e1laga\/Semana_cultural_1718_premios_6.jpg\" data-elementor-open-lightbox=\"no\">                <div class=\"bwg-item0 \">          <div class=\"bwg-item1 \">            <div class=\"bwg-item2\">              <img decoding=\"async\" class=\"skip-lazy bwg_standart_thumb_img_0 \"                   data-id=\"123\"                   data-width=\"300.00\"                   data-height=\"225.00\"                   data-src=\"https:\/\/malaga.salesianos.edu\/colegio\/wp-content\/uploads\/sites\/2\/photo-gallery\/I_Semana_Cultural_de_Salesianos_M\u00e1laga\/thumb\/Semana_cultural_1718_premios_6.jpg\"                   src=\"https:\/\/malaga.salesianos.edu\/colegio\/wp-content\/uploads\/sites\/2\/photo-gallery\/I_Semana_Cultural_de_Salesianos_M\u00e1laga\/thumb\/Semana_cultural_1718_premios_6.jpg\"                   alt=\"Semana cultural 1718 premios 6\"                   title=\"Semana cultural 1718 premios 6\" \/>            <\/div>            <div class=\"\">                                                      <\/div>          <\/div>        <\/div>                        <\/a>              <\/div>            <div class=\"bwg-item\">        <a class=\"bwg-a  bwg_lightbox\"  data-image-id=\"122\" href=\"https:\/\/malaga.salesianos.edu\/colegio\/wp-content\/uploads\/sites\/2\/photo-gallery\/I_Semana_Cultural_de_Salesianos_M\u00e1laga\/Semana_cultural_1718_premios_4.jpg\" data-elementor-open-lightbox=\"no\">                <div class=\"bwg-item0 \">          <div class=\"bwg-item1 \">            <div class=\"bwg-item2\">              <img decoding=\"async\" class=\"skip-lazy bwg_standart_thumb_img_0 \"                   data-id=\"122\"                   data-width=\"300.00\"                   data-height=\"225.00\"                   data-src=\"https:\/\/malaga.salesianos.edu\/colegio\/wp-content\/uploads\/sites\/2\/photo-gallery\/I_Semana_Cultural_de_Salesianos_M\u00e1laga\/thumb\/Semana_cultural_1718_premios_4.jpg\"                   src=\"https:\/\/malaga.salesianos.edu\/colegio\/wp-content\/uploads\/sites\/2\/photo-gallery\/I_Semana_Cultural_de_Salesianos_M\u00e1laga\/thumb\/Semana_cultural_1718_premios_4.jpg\"                   alt=\"Semana cultural 1718 premios 4\"                   title=\"Semana cultural 1718 premios 4\" \/>            <\/div>            <div class=\"\">                                                      <\/div>          <\/div>        <\/div>                        <\/a>              <\/div>            <div class=\"bwg-item\">        <a class=\"bwg-a  bwg_lightbox\"  data-image-id=\"121\" href=\"https:\/\/malaga.salesianos.edu\/colegio\/wp-content\/uploads\/sites\/2\/photo-gallery\/I_Semana_Cultural_de_Salesianos_M\u00e1laga\/Semana_cultural_1718_premios_3.jpg\" data-elementor-open-lightbox=\"no\">                <div class=\"bwg-item0 \">          <div class=\"bwg-item1 \">            <div class=\"bwg-item2\">              <img decoding=\"async\" class=\"skip-lazy bwg_standart_thumb_img_0 \"                   data-id=\"121\"                   data-width=\"300.00\"                   data-height=\"225.00\"                   data-src=\"https:\/\/malaga.salesianos.edu\/colegio\/wp-content\/uploads\/sites\/2\/photo-gallery\/I_Semana_Cultural_de_Salesianos_M\u00e1laga\/thumb\/Semana_cultural_1718_premios_3.jpg\"                   src=\"https:\/\/malaga.salesianos.edu\/colegio\/wp-content\/uploads\/sites\/2\/photo-gallery\/I_Semana_Cultural_de_Salesianos_M\u00e1laga\/thumb\/Semana_cultural_1718_premios_3.jpg\"                   alt=\"Semana cultural 1718 premios 3\"                   title=\"Semana cultural 1718 premios 3\" \/>            <\/div>            <div class=\"\">                                                      <\/div>          <\/div>        <\/div>                        <\/a>              <\/div>            <div class=\"bwg-item\">        <a class=\"bwg-a  bwg_lightbox\"  data-image-id=\"120\" href=\"https:\/\/malaga.salesianos.edu\/colegio\/wp-content\/uploads\/sites\/2\/photo-gallery\/I_Semana_Cultural_de_Salesianos_M\u00e1laga\/Semana_cultural_1718_premios_7.jpg\" data-elementor-open-lightbox=\"no\">                <div class=\"bwg-item0 \">          <div class=\"bwg-item1 \">            <div class=\"bwg-item2\">              <img decoding=\"async\" class=\"skip-lazy bwg_standart_thumb_img_0 \"                   data-id=\"120\"                   data-width=\"300.00\"                   data-height=\"225.00\"                   data-src=\"https:\/\/malaga.salesianos.edu\/colegio\/wp-content\/uploads\/sites\/2\/photo-gallery\/I_Semana_Cultural_de_Salesianos_M\u00e1laga\/thumb\/Semana_cultural_1718_premios_7.jpg\"                   src=\"https:\/\/malaga.salesianos.edu\/colegio\/wp-content\/uploads\/sites\/2\/photo-gallery\/I_Semana_Cultural_de_Salesianos_M\u00e1laga\/thumb\/Semana_cultural_1718_premios_7.jpg\"                   alt=\"Semana cultural 1718 premios 7\"                   title=\"Semana cultural 1718 premios 7\" \/>            <\/div>            <div class=\"\">                                                      <\/div>          <\/div>        <\/div>                        <\/a>              <\/div>            <div class=\"bwg-item\">        <a class=\"bwg-a  bwg_lightbox\"  data-image-id=\"119\" href=\"https:\/\/malaga.salesianos.edu\/colegio\/wp-content\/uploads\/sites\/2\/photo-gallery\/I_Semana_Cultural_de_Salesianos_M\u00e1laga\/Semana_cultural_1718_premios_8.jpg\" data-elementor-open-lightbox=\"no\">                <div class=\"bwg-item0 \">          <div class=\"bwg-item1 \">            <div class=\"bwg-item2\">              <img decoding=\"async\" class=\"skip-lazy bwg_standart_thumb_img_0 \"                   data-id=\"119\"                   data-width=\"300.00\"                   data-height=\"225.00\"                   data-src=\"https:\/\/malaga.salesianos.edu\/colegio\/wp-content\/uploads\/sites\/2\/photo-gallery\/I_Semana_Cultural_de_Salesianos_M\u00e1laga\/thumb\/Semana_cultural_1718_premios_8.jpg\"                   src=\"https:\/\/malaga.salesianos.edu\/colegio\/wp-content\/uploads\/sites\/2\/photo-gallery\/I_Semana_Cultural_de_Salesianos_M\u00e1laga\/thumb\/Semana_cultural_1718_premios_8.jpg\"                   alt=\"Semana cultural 1718 premios 8\"                   title=\"Semana cultural 1718 premios 8\" \/>            <\/div>            <div class=\"\">                                                      <\/div>          <\/div>        <\/div>                        <\/a>              <\/div>            <div class=\"bwg-item\">        <a class=\"bwg-a  bwg_lightbox\"  data-image-id=\"118\" href=\"https:\/\/malaga.salesianos.edu\/colegio\/wp-content\/uploads\/sites\/2\/photo-gallery\/I_Semana_Cultural_de_Salesianos_M\u00e1laga\/ESO_semana_cultural_11.jpg?bwg=1524950773\" data-elementor-open-lightbox=\"no\">                <div class=\"bwg-item0 \">          <div class=\"bwg-item1 \">            <div class=\"bwg-item2\">              <img decoding=\"async\" class=\"skip-lazy bwg_standart_thumb_img_0 \"                   data-id=\"118\"                   data-width=\"300.00\"                   data-height=\"225.00\"                   data-src=\"https:\/\/malaga.salesianos.edu\/colegio\/wp-content\/uploads\/sites\/2\/photo-gallery\/I_Semana_Cultural_de_Salesianos_M\u00e1laga\/thumb\/ESO_semana_cultural_11.jpg?bwg=1524950773\"                   src=\"https:\/\/malaga.salesianos.edu\/colegio\/wp-content\/uploads\/sites\/2\/photo-gallery\/I_Semana_Cultural_de_Salesianos_M\u00e1laga\/thumb\/ESO_semana_cultural_11.jpg?bwg=1524950773\"                   alt=\"ESO semana cultural 11\"                   title=\"ESO semana cultural 11\" \/>            <\/div>            <div class=\"\">                                                      <\/div>          <\/div>        <\/div>                        <\/a>              <\/div>            <div class=\"bwg-item\">        <a class=\"bwg-a  bwg_lightbox\"  data-image-id=\"117\" href=\"https:\/\/malaga.salesianos.edu\/colegio\/wp-content\/uploads\/sites\/2\/photo-gallery\/I_Semana_Cultural_de_Salesianos_M\u00e1laga\/1_Semana_cultural.jpg?bwg=1524950773\" data-elementor-open-lightbox=\"no\">                <div class=\"bwg-item0 \">          <div class=\"bwg-item1 \">            <div class=\"bwg-item2\">              <img decoding=\"async\" class=\"skip-lazy bwg_standart_thumb_img_0 \"                   data-id=\"117\"                   data-width=\"300.00\"                   data-height=\"188.00\"                   data-src=\"https:\/\/malaga.salesianos.edu\/colegio\/wp-content\/uploads\/sites\/2\/photo-gallery\/I_Semana_Cultural_de_Salesianos_M\u00e1laga\/thumb\/1_Semana_cultural.jpg?bwg=1524950773\"                   src=\"https:\/\/malaga.salesianos.edu\/colegio\/wp-content\/uploads\/sites\/2\/photo-gallery\/I_Semana_Cultural_de_Salesianos_M\u00e1laga\/thumb\/1_Semana_cultural.jpg?bwg=1524950773\"                   alt=\"1 Semana cultural\"                   title=\"1 Semana cultural\" \/>            <\/div>            <div class=\"\">                                                      <\/div>          <\/div>        <\/div>                        <\/a>              <\/div>            <div class=\"bwg-item\">        <a class=\"bwg-a  bwg_lightbox\"  data-image-id=\"116\" href=\"https:\/\/malaga.salesianos.edu\/colegio\/wp-content\/uploads\/sites\/2\/photo-gallery\/I_Semana_Cultural_de_Salesianos_M\u00e1laga\/Primaria_semana_cultural_10.jpg?bwg=1524950773\" data-elementor-open-lightbox=\"no\">                <div class=\"bwg-item0 \">          <div class=\"bwg-item1 \">            <div class=\"bwg-item2\">              <img decoding=\"async\" class=\"skip-lazy bwg_standart_thumb_img_0 \"                   data-id=\"116\"                   data-width=\"300.00\"                   data-height=\"225.00\"                   data-src=\"https:\/\/malaga.salesianos.edu\/colegio\/wp-content\/uploads\/sites\/2\/photo-gallery\/I_Semana_Cultural_de_Salesianos_M\u00e1laga\/thumb\/Primaria_semana_cultural_10.jpg?bwg=1524950773\"                   src=\"https:\/\/malaga.salesianos.edu\/colegio\/wp-content\/uploads\/sites\/2\/photo-gallery\/I_Semana_Cultural_de_Salesianos_M\u00e1laga\/thumb\/Primaria_semana_cultural_10.jpg?bwg=1524950773\"                   alt=\"Primaria semana cultural 10\"                   title=\"Primaria semana cultural 10\" \/>            <\/div>            <div class=\"\">                                                      <\/div>          <\/div>        <\/div>                        <\/a>              <\/div>            <div class=\"bwg-item\">        <a class=\"bwg-a  bwg_lightbox\"  data-image-id=\"115\" href=\"https:\/\/malaga.salesianos.edu\/colegio\/wp-content\/uploads\/sites\/2\/photo-gallery\/I_Semana_Cultural_de_Salesianos_M\u00e1laga\/Bachillerato_debate_semana_cultura_5.jpg?bwg=1524950773\" data-elementor-open-lightbox=\"no\">                <div class=\"bwg-item0 \">          <div class=\"bwg-item1 \">            <div class=\"bwg-item2\">              <img decoding=\"async\" class=\"skip-lazy bwg_standart_thumb_img_0 \"                   data-id=\"115\"                   data-width=\"169.00\"                   data-height=\"300.00\"                   data-src=\"https:\/\/malaga.salesianos.edu\/colegio\/wp-content\/uploads\/sites\/2\/photo-gallery\/I_Semana_Cultural_de_Salesianos_M\u00e1laga\/thumb\/Bachillerato_debate_semana_cultura_5.jpg?bwg=1524950773\"                   src=\"https:\/\/malaga.salesianos.edu\/colegio\/wp-content\/uploads\/sites\/2\/photo-gallery\/I_Semana_Cultural_de_Salesianos_M\u00e1laga\/thumb\/Bachillerato_debate_semana_cultura_5.jpg?bwg=1524950773\"                   alt=\"Bachillerato debate semana cultura 5\"                   title=\"Bachillerato debate semana cultura 5\" \/>            <\/div>            <div class=\"\">                                                      <\/div>          <\/div>        <\/div>                        <\/a>              <\/div>            <div class=\"bwg-item\">        <a class=\"bwg-a  bwg_lightbox\"  data-image-id=\"114\" href=\"https:\/\/malaga.salesianos.edu\/colegio\/wp-content\/uploads\/sites\/2\/photo-gallery\/I_Semana_Cultural_de_Salesianos_M\u00e1laga\/Primaria_semana_cultural_9.jpg?bwg=1524950773\" data-elementor-open-lightbox=\"no\">                <div class=\"bwg-item0 \">          <div class=\"bwg-item1 \">            <div class=\"bwg-item2\">              <img decoding=\"async\" class=\"skip-lazy bwg_standart_thumb_img_0 \"                   data-id=\"114\"                   data-width=\"300.00\"                   data-height=\"225.00\"                   data-src=\"https:\/\/malaga.salesianos.edu\/colegio\/wp-content\/uploads\/sites\/2\/photo-gallery\/I_Semana_Cultural_de_Salesianos_M\u00e1laga\/thumb\/Primaria_semana_cultural_9.jpg?bwg=1524950773\"                   src=\"https:\/\/malaga.salesianos.edu\/colegio\/wp-content\/uploads\/sites\/2\/photo-gallery\/I_Semana_Cultural_de_Salesianos_M\u00e1laga\/thumb\/Primaria_semana_cultural_9.jpg?bwg=1524950773\"                   alt=\"Primaria semana cultural 9\"                   title=\"Primaria semana cultural 9\" \/>            <\/div>            <div class=\"\">                                                      <\/div>          <\/div>        <\/div>                        <\/a>              <\/div>            <div class=\"bwg-item\">        <a class=\"bwg-a  bwg_lightbox\"  data-image-id=\"113\" href=\"https:\/\/malaga.salesianos.edu\/colegio\/wp-content\/uploads\/sites\/2\/photo-gallery\/I_Semana_Cultural_de_Salesianos_M\u00e1laga\/Bachillerato_debate_semana_cultura_4.jpg?bwg=1524950773\" data-elementor-open-lightbox=\"no\">                <div class=\"bwg-item0 \">          <div class=\"bwg-item1 \">            <div class=\"bwg-item2\">              <img decoding=\"async\" class=\"skip-lazy bwg_standart_thumb_img_0 \"                   data-id=\"113\"                   data-width=\"300.00\"                   data-height=\"178.00\"                   data-src=\"https:\/\/malaga.salesianos.edu\/colegio\/wp-content\/uploads\/sites\/2\/photo-gallery\/I_Semana_Cultural_de_Salesianos_M\u00e1laga\/thumb\/Bachillerato_debate_semana_cultura_4.jpg?bwg=1524950773\"                   src=\"https:\/\/malaga.salesianos.edu\/colegio\/wp-content\/uploads\/sites\/2\/photo-gallery\/I_Semana_Cultural_de_Salesianos_M\u00e1laga\/thumb\/Bachillerato_debate_semana_cultura_4.jpg?bwg=1524950773\"                   alt=\"Bachillerato debate semana cultura 4\"                   title=\"Bachillerato debate semana cultura 4\" \/>            <\/div>            <div class=\"\">                                                      <\/div>          <\/div>        <\/div>                        <\/a>              <\/div>            <div class=\"bwg-item\">        <a class=\"bwg-a  bwg_lightbox\"  data-image-id=\"112\" href=\"https:\/\/malaga.salesianos.edu\/colegio\/wp-content\/uploads\/sites\/2\/photo-gallery\/I_Semana_Cultural_de_Salesianos_M\u00e1laga\/Primaria_semana_cultural_11.jpg?bwg=1524950773\" data-elementor-open-lightbox=\"no\">                <div class=\"bwg-item0 \">          <div class=\"bwg-item1 \">            <div class=\"bwg-item2\">              <img decoding=\"async\" class=\"skip-lazy bwg_standart_thumb_img_0 \"                   data-id=\"112\"                   data-width=\"300.00\"                   data-height=\"225.00\"                   data-src=\"https:\/\/malaga.salesianos.edu\/colegio\/wp-content\/uploads\/sites\/2\/photo-gallery\/I_Semana_Cultural_de_Salesianos_M\u00e1laga\/thumb\/Primaria_semana_cultural_11.jpg?bwg=1524950773\"                   src=\"https:\/\/malaga.salesianos.edu\/colegio\/wp-content\/uploads\/sites\/2\/photo-gallery\/I_Semana_Cultural_de_Salesianos_M\u00e1laga\/thumb\/Primaria_semana_cultural_11.jpg?bwg=1524950773\"                   alt=\"Primaria semana cultural 11\"                   title=\"Primaria semana cultural 11\" \/>            <\/div>            <div class=\"\">                                                      <\/div>          <\/div>        <\/div>                        <\/a>              <\/div>            <div class=\"bwg-item\">        <a class=\"bwg-a  bwg_lightbox\"  data-image-id=\"111\" href=\"https:\/\/malaga.salesianos.edu\/colegio\/wp-content\/uploads\/sites\/2\/photo-gallery\/I_Semana_Cultural_de_Salesianos_M\u00e1laga\/Infantil_semana_cultural_1.jpg?bwg=1524950773\" data-elementor-open-lightbox=\"no\">                <div class=\"bwg-item0 \">          <div class=\"bwg-item1 \">            <div class=\"bwg-item2\">              <img decoding=\"async\" class=\"skip-lazy bwg_standart_thumb_img_0 \"                   data-id=\"111\"                   data-width=\"300.00\"                   data-height=\"225.00\"                   data-src=\"https:\/\/malaga.salesianos.edu\/colegio\/wp-content\/uploads\/sites\/2\/photo-gallery\/I_Semana_Cultural_de_Salesianos_M\u00e1laga\/thumb\/Infantil_semana_cultural_1.jpg?bwg=1524950773\"                   src=\"https:\/\/malaga.salesianos.edu\/colegio\/wp-content\/uploads\/sites\/2\/photo-gallery\/I_Semana_Cultural_de_Salesianos_M\u00e1laga\/thumb\/Infantil_semana_cultural_1.jpg?bwg=1524950773\"                   alt=\"Infantil semana cultural 1\"                   title=\"Infantil semana cultural 1\" \/>            <\/div>            <div class=\"\">                                                      <\/div>          <\/div>        <\/div>                        <\/a>              <\/div>            <div class=\"bwg-item\">        <a class=\"bwg-a  bwg_lightbox\"  data-image-id=\"110\" href=\"https:\/\/malaga.salesianos.edu\/colegio\/wp-content\/uploads\/sites\/2\/photo-gallery\/I_Semana_Cultural_de_Salesianos_M\u00e1laga\/Biblioteca_2.jpg?bwg=1524950773\" data-elementor-open-lightbox=\"no\">                <div class=\"bwg-item0 \">          <div class=\"bwg-item1 \">            <div class=\"bwg-item2\">              <img decoding=\"async\" class=\"skip-lazy bwg_standart_thumb_img_0 \"                   data-id=\"110\"                   data-width=\"300.00\"                   data-height=\"225.00\"                   data-src=\"https:\/\/malaga.salesianos.edu\/colegio\/wp-content\/uploads\/sites\/2\/photo-gallery\/I_Semana_Cultural_de_Salesianos_M\u00e1laga\/thumb\/Biblioteca_2.jpg?bwg=1524950773\"                   src=\"https:\/\/malaga.salesianos.edu\/colegio\/wp-content\/uploads\/sites\/2\/photo-gallery\/I_Semana_Cultural_de_Salesianos_M\u00e1laga\/thumb\/Biblioteca_2.jpg?bwg=1524950773\"                   alt=\"Biblioteca 2\"                   title=\"Biblioteca 2\" \/>            <\/div>            <div class=\"\">                                                      <\/div>          <\/div>        <\/div>                        <\/a>              <\/div>            <div class=\"bwg-item\">        <a class=\"bwg-a  bwg_lightbox\"  data-image-id=\"109\" href=\"https:\/\/malaga.salesianos.edu\/colegio\/wp-content\/uploads\/sites\/2\/photo-gallery\/I_Semana_Cultural_de_Salesianos_M\u00e1laga\/Infantil_semana_cultural_2.jpg?bwg=1524950773\" data-elementor-open-lightbox=\"no\">                <div class=\"bwg-item0 \">          <div class=\"bwg-item1 \">            <div class=\"bwg-item2\">              <img decoding=\"async\" class=\"skip-lazy bwg_standart_thumb_img_0 \"                   data-id=\"109\"                   data-width=\"300.00\"                   data-height=\"225.00\"                   data-src=\"https:\/\/malaga.salesianos.edu\/colegio\/wp-content\/uploads\/sites\/2\/photo-gallery\/I_Semana_Cultural_de_Salesianos_M\u00e1laga\/thumb\/Infantil_semana_cultural_2.jpg?bwg=1524950773\"                   src=\"https:\/\/malaga.salesianos.edu\/colegio\/wp-content\/uploads\/sites\/2\/photo-gallery\/I_Semana_Cultural_de_Salesianos_M\u00e1laga\/thumb\/Infantil_semana_cultural_2.jpg?bwg=1524950773\"                   alt=\"Infantil semana cultural 2\"                   title=\"Infantil semana cultural 2\" \/>            <\/div>            <div class=\"\">                                                      <\/div>          <\/div>        <\/div>                        <\/a>              <\/div>            <div class=\"bwg-item\">        <a class=\"bwg-a  bwg_lightbox\"  data-image-id=\"98\" href=\"https:\/\/malaga.salesianos.edu\/colegio\/wp-content\/uploads\/sites\/2\/photo-gallery\/I_Semana_Cultural_de_Salesianos_M\u00e1laga\/ESO_semana_cultural_3.jpg?bwg=1524950773\" data-elementor-open-lightbox=\"no\">                <div class=\"bwg-item0 \">          <div class=\"bwg-item1 \">            <div class=\"bwg-item2\">              <img decoding=\"async\" class=\"skip-lazy bwg_standart_thumb_img_0 \"                   data-id=\"98\"                   data-width=\"300.00\"                   data-height=\"225.00\"                   data-src=\"https:\/\/malaga.salesianos.edu\/colegio\/wp-content\/uploads\/sites\/2\/photo-gallery\/I_Semana_Cultural_de_Salesianos_M\u00e1laga\/thumb\/ESO_semana_cultural_3.jpg?bwg=1524950773\"                   src=\"https:\/\/malaga.salesianos.edu\/colegio\/wp-content\/uploads\/sites\/2\/photo-gallery\/I_Semana_Cultural_de_Salesianos_M\u00e1laga\/thumb\/ESO_semana_cultural_3.jpg?bwg=1524950773\"                   alt=\"ESO semana cultural 3\"                   title=\"ESO semana cultural 3\" \/>            <\/div>            <div class=\"\">                                                      <\/div>          <\/div>        <\/div>                        <\/a>              <\/div>            <div class=\"bwg-item\">        <a class=\"bwg-a  bwg_lightbox\"  data-image-id=\"108\" href=\"https:\/\/malaga.salesianos.edu\/colegio\/wp-content\/uploads\/sites\/2\/photo-gallery\/I_Semana_Cultural_de_Salesianos_M\u00e1laga\/ESO_semana_cultural_1.jpg?bwg=1524950773\" data-elementor-open-lightbox=\"no\">                <div class=\"bwg-item0 \">          <div class=\"bwg-item1 \">            <div class=\"bwg-item2\">              <img decoding=\"async\" class=\"skip-lazy bwg_standart_thumb_img_0 \"                   data-id=\"108\"                   data-width=\"300.00\"                   data-height=\"225.00\"                   data-src=\"https:\/\/malaga.salesianos.edu\/colegio\/wp-content\/uploads\/sites\/2\/photo-gallery\/I_Semana_Cultural_de_Salesianos_M\u00e1laga\/thumb\/ESO_semana_cultural_1.jpg?bwg=1524950773\"                   src=\"https:\/\/malaga.salesianos.edu\/colegio\/wp-content\/uploads\/sites\/2\/photo-gallery\/I_Semana_Cultural_de_Salesianos_M\u00e1laga\/thumb\/ESO_semana_cultural_1.jpg?bwg=1524950773\"                   alt=\"ESO semana cultural 1\"                   title=\"ESO semana cultural 1\" \/>            <\/div>            <div class=\"\">                                                      <\/div>          <\/div>        <\/div>                        <\/a>              <\/div>            <div class=\"bwg-item\">        <a class=\"bwg-a  bwg_lightbox\"  data-image-id=\"97\" href=\"https:\/\/malaga.salesianos.edu\/colegio\/wp-content\/uploads\/sites\/2\/photo-gallery\/I_Semana_Cultural_de_Salesianos_M\u00e1laga\/Bachillerato_debate_semana_cultura_2.jpg?bwg=1524950773\" data-elementor-open-lightbox=\"no\">                <div class=\"bwg-item0 \">          <div class=\"bwg-item1 \">            <div class=\"bwg-item2\">              <img decoding=\"async\" class=\"skip-lazy bwg_standart_thumb_img_0 \"                   data-id=\"97\"                   data-width=\"300.00\"                   data-height=\"225.00\"                   data-src=\"https:\/\/malaga.salesianos.edu\/colegio\/wp-content\/uploads\/sites\/2\/photo-gallery\/I_Semana_Cultural_de_Salesianos_M\u00e1laga\/thumb\/Bachillerato_debate_semana_cultura_2.jpg?bwg=1524950773\"                   src=\"https:\/\/malaga.salesianos.edu\/colegio\/wp-content\/uploads\/sites\/2\/photo-gallery\/I_Semana_Cultural_de_Salesianos_M\u00e1laga\/thumb\/Bachillerato_debate_semana_cultura_2.jpg?bwg=1524950773\"                   alt=\"Bachillerato debate semana cultura 2\"                   title=\"Bachillerato debate semana cultura 2\" \/>            <\/div>            <div class=\"\">                                                      <\/div>          <\/div>        <\/div>                        <\/a>              <\/div>            <div class=\"bwg-item\">        <a class=\"bwg-a  bwg_lightbox\"  data-image-id=\"107\" href=\"https:\/\/malaga.salesianos.edu\/colegio\/wp-content\/uploads\/sites\/2\/photo-gallery\/I_Semana_Cultural_de_Salesianos_M\u00e1laga\/Primaria_semana_cultural_8.jpg?bwg=1524950773\" data-elementor-open-lightbox=\"no\">                <div class=\"bwg-item0 \">          <div class=\"bwg-item1 \">            <div class=\"bwg-item2\">              <img decoding=\"async\" class=\"skip-lazy bwg_standart_thumb_img_0 \"                   data-id=\"107\"                   data-width=\"300.00\"                   data-height=\"225.00\"                   data-src=\"https:\/\/malaga.salesianos.edu\/colegio\/wp-content\/uploads\/sites\/2\/photo-gallery\/I_Semana_Cultural_de_Salesianos_M\u00e1laga\/thumb\/Primaria_semana_cultural_8.jpg?bwg=1524950773\"                   src=\"https:\/\/malaga.salesianos.edu\/colegio\/wp-content\/uploads\/sites\/2\/photo-gallery\/I_Semana_Cultural_de_Salesianos_M\u00e1laga\/thumb\/Primaria_semana_cultural_8.jpg?bwg=1524950773\"                   alt=\"Primaria semana cultural 8\"                   title=\"Primaria semana cultural 8\" \/>            <\/div>            <div class=\"\">                                                      <\/div>          <\/div>        <\/div>                        <\/a>              <\/div>            <div class=\"bwg-item\">        <a class=\"bwg-a  bwg_lightbox\"  data-image-id=\"96\" href=\"https:\/\/malaga.salesianos.edu\/colegio\/wp-content\/uploads\/sites\/2\/photo-gallery\/I_Semana_Cultural_de_Salesianos_M\u00e1laga\/ESO_semana_cultural_4.jpg?bwg=1524950773\" data-elementor-open-lightbox=\"no\">                <div class=\"bwg-item0 \">          <div class=\"bwg-item1 \">            <div class=\"bwg-item2\">              <img decoding=\"async\" class=\"skip-lazy bwg_standart_thumb_img_0 \"                   data-id=\"96\"                   data-width=\"300.00\"                   data-height=\"225.00\"                   data-src=\"https:\/\/malaga.salesianos.edu\/colegio\/wp-content\/uploads\/sites\/2\/photo-gallery\/I_Semana_Cultural_de_Salesianos_M\u00e1laga\/thumb\/ESO_semana_cultural_4.jpg?bwg=1524950773\"                   src=\"https:\/\/malaga.salesianos.edu\/colegio\/wp-content\/uploads\/sites\/2\/photo-gallery\/I_Semana_Cultural_de_Salesianos_M\u00e1laga\/thumb\/ESO_semana_cultural_4.jpg?bwg=1524950773\"                   alt=\"ESO semana cultural 4\"                   title=\"ESO semana cultural 4\" \/>            <\/div>            <div class=\"\">                                                      <\/div>          <\/div>        <\/div>                        <\/a>              <\/div>            <div class=\"bwg-item\">        <a class=\"bwg-a  bwg_lightbox\"  data-image-id=\"106\" href=\"https:\/\/malaga.salesianos.edu\/colegio\/wp-content\/uploads\/sites\/2\/photo-gallery\/I_Semana_Cultural_de_Salesianos_M\u00e1laga\/Primaria_semana_cultural_7.jpg?bwg=1524950773\" data-elementor-open-lightbox=\"no\">                <div class=\"bwg-item0 \">          <div class=\"bwg-item1 \">            <div class=\"bwg-item2\">              <img decoding=\"async\" class=\"skip-lazy bwg_standart_thumb_img_0 \"                   data-id=\"106\"                   data-width=\"300.00\"                   data-height=\"169.00\"                   data-src=\"https:\/\/malaga.salesianos.edu\/colegio\/wp-content\/uploads\/sites\/2\/photo-gallery\/I_Semana_Cultural_de_Salesianos_M\u00e1laga\/thumb\/Primaria_semana_cultural_7.jpg?bwg=1524950773\"                   src=\"https:\/\/malaga.salesianos.edu\/colegio\/wp-content\/uploads\/sites\/2\/photo-gallery\/I_Semana_Cultural_de_Salesianos_M\u00e1laga\/thumb\/Primaria_semana_cultural_7.jpg?bwg=1524950773\"                   alt=\"Primaria semana cultural 7\"                   title=\"Primaria semana cultural 7\" \/>            <\/div>            <div class=\"\">                                                      <\/div>          <\/div>        <\/div>                        <\/a>              <\/div>            <div class=\"bwg-item\">        <a class=\"bwg-a  bwg_lightbox\"  data-image-id=\"95\" href=\"https:\/\/malaga.salesianos.edu\/colegio\/wp-content\/uploads\/sites\/2\/photo-gallery\/I_Semana_Cultural_de_Salesianos_M\u00e1laga\/Bachillerato_debate_semana_cultura_3.jpg?bwg=1524950773\" data-elementor-open-lightbox=\"no\">                <div class=\"bwg-item0 \">          <div class=\"bwg-item1 \">            <div class=\"bwg-item2\">              <img decoding=\"async\" class=\"skip-lazy bwg_standart_thumb_img_0 \"                   data-id=\"95\"                   data-width=\"300.00\"                   data-height=\"225.00\"                   data-src=\"https:\/\/malaga.salesianos.edu\/colegio\/wp-content\/uploads\/sites\/2\/photo-gallery\/I_Semana_Cultural_de_Salesianos_M\u00e1laga\/thumb\/Bachillerato_debate_semana_cultura_3.jpg?bwg=1524950773\"                   src=\"https:\/\/malaga.salesianos.edu\/colegio\/wp-content\/uploads\/sites\/2\/photo-gallery\/I_Semana_Cultural_de_Salesianos_M\u00e1laga\/thumb\/Bachillerato_debate_semana_cultura_3.jpg?bwg=1524950773\"                   alt=\"Bachillerato debate semana cultura 3\"                   title=\"Bachillerato debate semana cultura 3\" \/>            <\/div>            <div class=\"\">                                                      <\/div>          <\/div>        <\/div>                        <\/a>              <\/div>            <div class=\"bwg-item\">        <a class=\"bwg-a  bwg_lightbox\"  data-image-id=\"105\" href=\"https:\/\/malaga.salesianos.edu\/colegio\/wp-content\/uploads\/sites\/2\/photo-gallery\/I_Semana_Cultural_de_Salesianos_M\u00e1laga\/Biblioteca.jpg?bwg=1524950773\" data-elementor-open-lightbox=\"no\">                <div class=\"bwg-item0 \">          <div class=\"bwg-item1 \">            <div class=\"bwg-item2\">              <img decoding=\"async\" class=\"skip-lazy bwg_standart_thumb_img_0 \"                   data-id=\"105\"                   data-width=\"300.00\"                   data-height=\"225.00\"                   data-src=\"https:\/\/malaga.salesianos.edu\/colegio\/wp-content\/uploads\/sites\/2\/photo-gallery\/I_Semana_Cultural_de_Salesianos_M\u00e1laga\/thumb\/Biblioteca.jpg?bwg=1524950773\"                   src=\"https:\/\/malaga.salesianos.edu\/colegio\/wp-content\/uploads\/sites\/2\/photo-gallery\/I_Semana_Cultural_de_Salesianos_M\u00e1laga\/thumb\/Biblioteca.jpg?bwg=1524950773\"                   alt=\"Biblioteca\"                   title=\"Biblioteca\" \/>            <\/div>            <div class=\"\">                                                      <\/div>          <\/div>        <\/div>                        <\/a>              <\/div>            <div class=\"bwg-item\">        <a class=\"bwg-a  bwg_lightbox\"  data-image-id=\"94\" href=\"https:\/\/malaga.salesianos.edu\/colegio\/wp-content\/uploads\/sites\/2\/photo-gallery\/I_Semana_Cultural_de_Salesianos_M\u00e1laga\/Primaria_semana_cultural_6.jpg?bwg=1524950773\" data-elementor-open-lightbox=\"no\">                <div class=\"bwg-item0 \">          <div class=\"bwg-item1 \">            <div class=\"bwg-item2\">              <img decoding=\"async\" class=\"skip-lazy bwg_standart_thumb_img_0 \"                   data-id=\"94\"                   data-width=\"300.00\"                   data-height=\"225.00\"                   data-src=\"https:\/\/malaga.salesianos.edu\/colegio\/wp-content\/uploads\/sites\/2\/photo-gallery\/I_Semana_Cultural_de_Salesianos_M\u00e1laga\/thumb\/Primaria_semana_cultural_6.jpg?bwg=1524950773\"                   src=\"https:\/\/malaga.salesianos.edu\/colegio\/wp-content\/uploads\/sites\/2\/photo-gallery\/I_Semana_Cultural_de_Salesianos_M\u00e1laga\/thumb\/Primaria_semana_cultural_6.jpg?bwg=1524950773\"                   alt=\"Primaria semana cultural 6\"                   title=\"Primaria semana cultural 6\" \/>            <\/div>            <div class=\"\">                                                      <\/div>          <\/div>        <\/div>                        <\/a>              <\/div>            <div class=\"bwg-item\">        <a class=\"bwg-a  bwg_lightbox\"  data-image-id=\"104\" href=\"https:\/\/malaga.salesianos.edu\/colegio\/wp-content\/uploads\/sites\/2\/photo-gallery\/I_Semana_Cultural_de_Salesianos_M\u00e1laga\/Primaria_semana_cultural_3.jpg?bwg=1524950773\" data-elementor-open-lightbox=\"no\">                <div class=\"bwg-item0 \">          <div class=\"bwg-item1 \">            <div class=\"bwg-item2\">              <img decoding=\"async\" class=\"skip-lazy bwg_standart_thumb_img_0 \"                   data-id=\"104\"                   data-width=\"300.00\"                   data-height=\"180.00\"                   data-src=\"https:\/\/malaga.salesianos.edu\/colegio\/wp-content\/uploads\/sites\/2\/photo-gallery\/I_Semana_Cultural_de_Salesianos_M\u00e1laga\/thumb\/Primaria_semana_cultural_3.jpg?bwg=1524950773\"                   src=\"https:\/\/malaga.salesianos.edu\/colegio\/wp-content\/uploads\/sites\/2\/photo-gallery\/I_Semana_Cultural_de_Salesianos_M\u00e1laga\/thumb\/Primaria_semana_cultural_3.jpg?bwg=1524950773\"                   alt=\"Primaria semana cultural 3\"                   title=\"Primaria semana cultural 3\" \/>            <\/div>            <div class=\"\">                                                      <\/div>          <\/div>        <\/div>                        <\/a>              <\/div>          <\/div>    <style>      \/*pagination styles*\/      #bwg_container1_0 #bwg_container2_0 .tablenav-pages_0 {\t\t\t\ttext-align: center;\t\t\t\tfont-size: 12px;\t\t\t\tfont-family: segoe ui;\t\t\t\tfont-weight: bold;\t\t\t\tcolor: #666666;\t\t\t\tmargin: 6px 0 4px;\t\t\t\tdisplay: block;      }      @media only screen and (max-width : 320px) {      #bwg_container1_0 #bwg_container2_0 .displaying-num_0 {     \t display: none;      }      }      #bwg_container1_0 #bwg_container2_0 .displaying-num_0 {\t\t\t\tfont-size: 12px;\t\t\t\tfont-family: segoe ui;\t\t\t\tfont-weight: bold;\t\t\t\tcolor: #666666;\t\t\t\tmargin-right: 10px;\t\t\t\tvertical-align: middle;      }      #bwg_container1_0 #bwg_container2_0 .paging-input_0 {\t\t\t\tfont-size: 12px;\t\t\t\tfont-family: segoe ui;\t\t\t\tfont-weight: bold;\t\t\t\tcolor: #666666;\t\t\t\tvertical-align: middle;      }      #bwg_container1_0 #bwg_container2_0 .tablenav-pages_0 a.disabled,      #bwg_container1_0 #bwg_container2_0 .tablenav-pages_0 a.disabled:hover,      #bwg_container1_0 #bwg_container2_0 .tablenav-pages_0 a.disabled:focus,\t\t\t#bwg_container1_0 #bwg_container2_0 .tablenav-pages_0 input.bwg_current_page {\t\t\t\tcursor: default;\t\t\t\tcolor: rgba(102, 102, 102, 0.5);      }      #bwg_container1_0 #bwg_container2_0 .tablenav-pages_0 a,      #bwg_container1_0 #bwg_container2_0 .tablenav-pages_0 input.bwg_current_page {\t\t\t\tcursor: pointer;\t\t\t\ttext-align: center;\t\t\t\tfont-size: 12px;\t\t\t\tfont-family: segoe ui;\t\t\t\tfont-weight: bold;\t\t\t\tcolor: #666666;\t\t\t\ttext-decoration: none;\t\t\t\tpadding: 3px 6px;\t\t\t\tmargin: 0;\t\t\t\tborder-radius: 0;\t\t\t\tborder-style: solid;\t\t\t\tborder-width: 1px;\t\t\t\tborder-color: #E3E3E3;\t\t\t\t\t\t\t\tbackground-color: rgba(255, 255, 255, 1.00);\t\t\t\tbox-shadow: 0;\t\t\t\ttransition: all 0.3s ease 0s;-webkit-transition: all 0.3s ease 0s;      }      <\/style>      <span class=\"bwg_nav_cont_0\">              <div class=\"tablenav-pages_0\">                      <span class=\"pagination-links_0 pagination-links\" data-pages-count=\"2\">              <span class=\"pagination-links_col1\">              <a class=\"bwg-a first-page disabled\" title=\"Ir a la primera p\u00e1gina\" >\u00ab<\/a>              <a class=\"bwg-a prev-page disabled\" title=\"Ir a la p\u00e1gina anterior\" >\u2039<\/a>              <\/span>\t\t\t\t\t\t\t<span class=\"pagination-links_col2\">\t\t\t\t\t\t\t\t\t<input type=\"number\" class=\"bwg_current_page\" name=\"bwg_current_page\" value=\"1\" data-url-info=\"page_number_0\" onkeypress=\"return bwg_change_page_0(event, this)\" min=\"1\" oninput=\"validity.valid||(value='')\" \/>\t\t\t\t\t\t\t\t\t\tde\t\t\t\t\t\t\t\t\t\t<span class=\"total-pages_0\">\t\t\t\t\t\t\t\t\t\t\t2\t\t\t\t\t\t\t\t\t\t<\/span>\t\t\t\t\t\t\t<\/span>              <span class=\"pagination-links_col3\">                <a class=\"bwg-a next-page-0\" title=\"Ir a la p\u00e1gina siguiente\" href=\"\/colegio\/wp-json\/wp\/v2\/posts\/11553?page_number_0=2\">\u203a<\/a>                <a class=\"bwg-a last-page-0\" title=\"Ir a la \u00faltima p\u00e1gina\" href=\"\/colegio\/wp-json\/wp\/v2\/posts\/11553?page_number_0=2\">\u00bb<\/a>              <\/span>\t\t\t\t\t\t<\/span>\t\t\t\t\t\t        <\/div>                <input type=\"hidden\" id=\"page_number_0\" name=\"page_number_0\" value=\"1\" \/>      <script type=\"text\/javascript\">        if( jQuery('.bwg_nav_cont_0').length > 1 ) {          jQuery('.bwg_nav_cont_0').first().remove()        }        function spider_page_0(cur, x, y, load_more) {          if (typeof load_more == \"undefined\") {            var load_more = false;          }          if (jQuery(cur).hasClass('disabled')) {            return false;          }          var items_county_0 = 2;          switch (y) {            case 1:              if (x >= items_county_0) {                document.getElementById('page_number_0').value = items_county_0;              }              else {                document.getElementById('page_number_0').value = x + 1;              }              break;            case 2:              document.getElementById('page_number_0').value = items_county_0;              break;            case -1:              if (x == 1) {                document.getElementById('page_number_0').value = 1;              }              else {                document.getElementById('page_number_0').value = x - 1;              }              break;            case -2:              document.getElementById('page_number_0').value = 1;              break;\t\t\t\t\t\tcase 0:              document.getElementById('page_number_0').value = x;              break;            default:              document.getElementById('page_number_0').value = 1;          }          bwg_ajax('gal_front_form_0', '0', 'bwg_thumbnails_0', '0', '', 'gallery', 0, '', '', load_more, '', 1);        }                    jQuery('.first-page disabled').on('click', function () {              spider_page_0(this, 1, -2, 'numeric');              return false;            });            jQuery('.prev-page disabled').on('click', function () {              spider_page_0(this, 1, -1, 'numeric');              return false;            });            jQuery('.next-page-0').on('click', function () {              spider_page_0(this, 1, 1, 'numeric');              return false;            });            jQuery('.last-page-0').on('click', function () {              spider_page_0(this, 1, 2, 'numeric');              return false;            });        \t\t\t\t\/* Change page on input enter. *\/        function bwg_change_page_0( e, that ) {          if (  e.key == 'Enter' ) {            var to_page = parseInt(jQuery(that).val());            var pages_count = jQuery(that).parents(\".pagination-links\").data(\"pages-count\");            var current_url_param = jQuery(that).attr('data-url-info');            if (to_page > pages_count) {              to_page = 1;            }\t \t\t\t\t\t\t\t\t\t\t\t\tspider_page_0(this, to_page, 0, 'numeric');\t\t\t\t\t\t\treturn false;\t\t\t\t\t\t          }          return true;        }        jQuery('.bwg_load_btn_0').on('click', function () {            spider_page_0(this, 1, 1, true);            return false;        });      <\/script>      <\/span>                <\/div>        <\/form>        <style>          #bwg_container1_0 #bwg_container2_0 #spider_popup_overlay_0 {          background-color: #000000;          opacity: 0.70;          }          <\/style>        <div id=\"bwg_spider_popup_loading_0\" class=\"bwg_spider_popup_loading\"><\/div>        <div id=\"spider_popup_overlay_0\" class=\"spider_popup_overlay\" onclick=\"spider_destroypopup(1000)\"><\/div>        <input type=\"hidden\" id=\"bwg_random_seed_0\" value=\"863660513\">                <\/div>    <\/div>    <script>      if (document.readyState === 'complete') {        if( typeof bwg_main_ready == 'function' ) {          if ( jQuery(\"#bwg_container1_0\").height() ) {            bwg_main_ready(jQuery(\"#bwg_container1_0\"));          }        }      } else {        document.addEventListener('DOMContentLoaded', function() {          if( typeof bwg_main_ready == 'function' ) {            if ( jQuery(\"#bwg_container1_0\").height() ) {             bwg_main_ready(jQuery(\"#bwg_container1_0\"));            }          }        });      }    <\/script>    \n<p>[\/et_pb_text][\/et_pb_column][\/et_pb_row][\/et_pb_section]<\/p>\n","protected":false},"excerpt":{"rendered":"<p>Del 23 al 27 de abril se desarroll\u00f3 la \u201d I Semana Cultural en Salesianos M\u00e1laga\u201d con gran participaci\u00f3n. Dicha semana gir\u00f3 alrededor de las letras, la creatividad y la expresi\u00f3n.<\/p>\n","protected":false},"author":2,"featured_media":11554,"comment_status":"open","ping_status":"open","sticky":false,"template":"","format":"standard","meta":{"_et_pb_use_builder":"on","_et_pb_old_content":"","_et_gb_content_width":"","footnotes":""},"categories":[6,10,12,18,20],"tags":[52],"class_list":["post-11553","post","type-post","status-publish","format-standard","has-post-thumbnail","hentry","category-bachillerato","category-colegio","category-eso","category-infantil","category-primaria","tag-proyectos"],"yoast_head":"<!-- This site is optimized with the Yoast SEO plugin v27.4 - https:\/\/yoast.com\/product\/yoast-seo-wordpress\/ -->\n<title>Gran \u00e9xito de la \u201cI Semana Cultural de Salesianos M\u00e1laga\u201d - Colegio Concertado San Bartolom\u00e9 | Salesianos M\u00e1laga<\/title>\n<meta name=\"robots\" content=\"index, follow, max-snippet:-1, max-image-preview:large, max-video-preview:-1\" \/>\n<link rel=\"canonical\" href=\"https:\/\/malaga.salesianos.edu\/colegio\/blog\/gran-exito-de-la-i-semana-cultural-de-salesianos-malaga\/\" \/>\n<meta property=\"og:locale\" content=\"es_ES\" \/>\n<meta property=\"og:type\" content=\"article\" \/>\n<meta property=\"og:title\" content=\"Gran \u00e9xito de la \u201cI Semana Cultural de Salesianos M\u00e1laga\u201d - Colegio Concertado San Bartolom\u00e9 | Salesianos M\u00e1laga\" \/>\n<meta property=\"og:description\" content=\"Del 23 al 27 de abril se desarroll\u00f3 la \u201d I Semana Cultural en Salesianos M\u00e1laga\u201d con gran participaci\u00f3n. Dicha semana gir\u00f3 alrededor de las letras, la creatividad y la expresi\u00f3n.\" \/>\n<meta property=\"og:url\" content=\"https:\/\/malaga.salesianos.edu\/colegio\/blog\/gran-exito-de-la-i-semana-cultural-de-salesianos-malaga\/\" \/>\n<meta property=\"og:site_name\" content=\"Colegio Concertado San Bartolom\u00e9 | Salesianos M\u00e1laga\" \/>\n<meta property=\"article:published_time\" content=\"2018-04-28T22:05:36+00:00\" \/>\n<meta property=\"article:modified_time\" content=\"2018-04-29T11:18:10+00:00\" \/>\n<meta property=\"og:image\" content=\"https:\/\/malaga.salesianos.edu\/colegio\/wp-content\/uploads\/sites\/2\/2018\/04\/Primaria_semana_cultural_8.jpg\" \/>\n\t<meta property=\"og:image:width\" content=\"1200\" \/>\n\t<meta property=\"og:image:height\" content=\"900\" \/>\n\t<meta property=\"og:image:type\" content=\"image\/jpeg\" \/>\n<meta name=\"author\" content=\"Comunicaci\u00f3n MLG\" \/>\n<meta name=\"twitter:card\" content=\"summary_large_image\" \/>\n<meta name=\"twitter:label1\" content=\"Escrito por\" \/>\n\t<meta name=\"twitter:data1\" content=\"Comunicaci\u00f3n MLG\" \/>\n\t<meta name=\"twitter:label2\" content=\"Tiempo de lectura\" \/>\n\t<meta name=\"twitter:data2\" content=\"5 minutos\" \/>\n<script type=\"application\/ld+json\" class=\"yoast-schema-graph\">{\"@context\":\"https:\\\/\\\/schema.org\",\"@graph\":[{\"@type\":\"Article\",\"@id\":\"https:\\\/\\\/malaga.salesianos.edu\\\/colegio\\\/blog\\\/gran-exito-de-la-i-semana-cultural-de-salesianos-malaga\\\/#article\",\"isPartOf\":{\"@id\":\"https:\\\/\\\/malaga.salesianos.edu\\\/colegio\\\/blog\\\/gran-exito-de-la-i-semana-cultural-de-salesianos-malaga\\\/\"},\"author\":{\"name\":\"Comunicaci\u00f3n MLG\",\"@id\":\"https:\\\/\\\/malaga.salesianos.edu\\\/colegio\\\/#\\\/schema\\\/person\\\/fd7e7b338b40e1c817a659fe5fce718b\"},\"headline\":\"Gran \u00e9xito de la \u201cI Semana Cultural de Salesianos M\u00e1laga\u201d\",\"datePublished\":\"2018-04-28T22:05:36+00:00\",\"dateModified\":\"2018-04-29T11:18:10+00:00\",\"mainEntityOfPage\":{\"@id\":\"https:\\\/\\\/malaga.salesianos.edu\\\/colegio\\\/blog\\\/gran-exito-de-la-i-semana-cultural-de-salesianos-malaga\\\/\"},\"wordCount\":998,\"commentCount\":0,\"publisher\":{\"@id\":\"https:\\\/\\\/malaga.salesianos.edu\\\/colegio\\\/#organization\"},\"image\":{\"@id\":\"https:\\\/\\\/malaga.salesianos.edu\\\/colegio\\\/blog\\\/gran-exito-de-la-i-semana-cultural-de-salesianos-malaga\\\/#primaryimage\"},\"thumbnailUrl\":\"https:\\\/\\\/malaga.salesianos.edu\\\/colegio\\\/wp-content\\\/uploads\\\/sites\\\/2\\\/2018\\\/04\\\/Primaria_semana_cultural_8.jpg\",\"keywords\":[\"Proyectos\"],\"articleSection\":[\"Bachillerato\",\"Colegio\",\"ESO\",\"Infantil\",\"Primaria\"],\"inLanguage\":\"es\",\"potentialAction\":[{\"@type\":\"CommentAction\",\"name\":\"Comment\",\"target\":[\"https:\\\/\\\/malaga.salesianos.edu\\\/colegio\\\/blog\\\/gran-exito-de-la-i-semana-cultural-de-salesianos-malaga\\\/#respond\"]}]},{\"@type\":\"WebPage\",\"@id\":\"https:\\\/\\\/malaga.salesianos.edu\\\/colegio\\\/blog\\\/gran-exito-de-la-i-semana-cultural-de-salesianos-malaga\\\/\",\"url\":\"https:\\\/\\\/malaga.salesianos.edu\\\/colegio\\\/blog\\\/gran-exito-de-la-i-semana-cultural-de-salesianos-malaga\\\/\",\"name\":\"Gran \u00e9xito de la \u201cI Semana Cultural de Salesianos M\u00e1laga\u201d - Colegio Concertado San Bartolom\u00e9 | Salesianos M\u00e1laga\",\"isPartOf\":{\"@id\":\"https:\\\/\\\/malaga.salesianos.edu\\\/colegio\\\/#website\"},\"primaryImageOfPage\":{\"@id\":\"https:\\\/\\\/malaga.salesianos.edu\\\/colegio\\\/blog\\\/gran-exito-de-la-i-semana-cultural-de-salesianos-malaga\\\/#primaryimage\"},\"image\":{\"@id\":\"https:\\\/\\\/malaga.salesianos.edu\\\/colegio\\\/blog\\\/gran-exito-de-la-i-semana-cultural-de-salesianos-malaga\\\/#primaryimage\"},\"thumbnailUrl\":\"https:\\\/\\\/malaga.salesianos.edu\\\/colegio\\\/wp-content\\\/uploads\\\/sites\\\/2\\\/2018\\\/04\\\/Primaria_semana_cultural_8.jpg\",\"datePublished\":\"2018-04-28T22:05:36+00:00\",\"dateModified\":\"2018-04-29T11:18:10+00:00\",\"breadcrumb\":{\"@id\":\"https:\\\/\\\/malaga.salesianos.edu\\\/colegio\\\/blog\\\/gran-exito-de-la-i-semana-cultural-de-salesianos-malaga\\\/#breadcrumb\"},\"inLanguage\":\"es\",\"potentialAction\":[{\"@type\":\"ReadAction\",\"target\":[\"https:\\\/\\\/malaga.salesianos.edu\\\/colegio\\\/blog\\\/gran-exito-de-la-i-semana-cultural-de-salesianos-malaga\\\/\"]}]},{\"@type\":\"ImageObject\",\"inLanguage\":\"es\",\"@id\":\"https:\\\/\\\/malaga.salesianos.edu\\\/colegio\\\/blog\\\/gran-exito-de-la-i-semana-cultural-de-salesianos-malaga\\\/#primaryimage\",\"url\":\"https:\\\/\\\/malaga.salesianos.edu\\\/colegio\\\/wp-content\\\/uploads\\\/sites\\\/2\\\/2018\\\/04\\\/Primaria_semana_cultural_8.jpg\",\"contentUrl\":\"https:\\\/\\\/malaga.salesianos.edu\\\/colegio\\\/wp-content\\\/uploads\\\/sites\\\/2\\\/2018\\\/04\\\/Primaria_semana_cultural_8.jpg\",\"width\":1200,\"height\":900},{\"@type\":\"BreadcrumbList\",\"@id\":\"https:\\\/\\\/malaga.salesianos.edu\\\/colegio\\\/blog\\\/gran-exito-de-la-i-semana-cultural-de-salesianos-malaga\\\/#breadcrumb\",\"itemListElement\":[{\"@type\":\"ListItem\",\"position\":1,\"name\":\"Portada\",\"item\":\"https:\\\/\\\/malaga.salesianos.edu\\\/colegio\\\/\"},{\"@type\":\"ListItem\",\"position\":2,\"name\":\"Gran \u00e9xito de la \u201cI Semana Cultural de Salesianos M\u00e1laga\u201d\"}]},{\"@type\":\"WebSite\",\"@id\":\"https:\\\/\\\/malaga.salesianos.edu\\\/colegio\\\/#website\",\"url\":\"https:\\\/\\\/malaga.salesianos.edu\\\/colegio\\\/\",\"name\":\"Colegio Concertado San Bartolom\u00e9 | Salesianos M\u00e1laga\",\"description\":\"Centro concertado. Infantil, Primaria, ESO, Bachillerato, Formaci\u00f3n Profesional, Formaci\u00f3n Profesional B\u00e1sica (FPB) y Ciclos Formativos de Grado Medio y Superior.\",\"publisher\":{\"@id\":\"https:\\\/\\\/malaga.salesianos.edu\\\/colegio\\\/#organization\"},\"potentialAction\":[{\"@type\":\"SearchAction\",\"target\":{\"@type\":\"EntryPoint\",\"urlTemplate\":\"https:\\\/\\\/malaga.salesianos.edu\\\/colegio\\\/?s={search_term_string}\"},\"query-input\":{\"@type\":\"PropertyValueSpecification\",\"valueRequired\":true,\"valueName\":\"search_term_string\"}}],\"inLanguage\":\"es\"},{\"@type\":\"Organization\",\"@id\":\"https:\\\/\\\/malaga.salesianos.edu\\\/colegio\\\/#organization\",\"name\":\"Salesianos M\u00e1laga\",\"url\":\"https:\\\/\\\/malaga.salesianos.edu\\\/colegio\\\/\",\"logo\":{\"@type\":\"ImageObject\",\"inLanguage\":\"es\",\"@id\":\"https:\\\/\\\/malaga.salesianos.edu\\\/colegio\\\/#\\\/schema\\\/logo\\\/image\\\/\",\"url\":\"https:\\\/\\\/malaga.salesianos.edu\\\/colegio\\\/wp-content\\\/uploads\\\/sites\\\/2\\\/2018\\\/04\\\/MALAGAobraVN2.jpg\",\"contentUrl\":\"https:\\\/\\\/malaga.salesianos.edu\\\/colegio\\\/wp-content\\\/uploads\\\/sites\\\/2\\\/2018\\\/04\\\/MALAGAobraVN2.jpg\",\"width\":1937,\"height\":1490,\"caption\":\"Salesianos M\u00e1laga\"},\"image\":{\"@id\":\"https:\\\/\\\/malaga.salesianos.edu\\\/colegio\\\/#\\\/schema\\\/logo\\\/image\\\/\"}},{\"@type\":\"Person\",\"@id\":\"https:\\\/\\\/malaga.salesianos.edu\\\/colegio\\\/#\\\/schema\\\/person\\\/fd7e7b338b40e1c817a659fe5fce718b\",\"name\":\"Comunicaci\u00f3n MLG\",\"image\":{\"@type\":\"ImageObject\",\"inLanguage\":\"es\",\"@id\":\"https:\\\/\\\/secure.gravatar.com\\\/avatar\\\/2ce5c66be6c7ab6b098b2ac29099a68d1cdb824afbb8aadf744614ce719778ff?s=96&d=mm&r=g\",\"url\":\"https:\\\/\\\/secure.gravatar.com\\\/avatar\\\/2ce5c66be6c7ab6b098b2ac29099a68d1cdb824afbb8aadf744614ce719778ff?s=96&d=mm&r=g\",\"contentUrl\":\"https:\\\/\\\/secure.gravatar.com\\\/avatar\\\/2ce5c66be6c7ab6b098b2ac29099a68d1cdb824afbb8aadf744614ce719778ff?s=96&d=mm&r=g\",\"caption\":\"Comunicaci\u00f3n MLG\"}}]}<\/script>\n<!-- \/ Yoast SEO plugin. -->","yoast_head_json":{"title":"Gran \u00e9xito de la \u201cI Semana Cultural de Salesianos M\u00e1laga\u201d - Colegio Concertado San Bartolom\u00e9 | Salesianos M\u00e1laga","robots":{"index":"index","follow":"follow","max-snippet":"max-snippet:-1","max-image-preview":"max-image-preview:large","max-video-preview":"max-video-preview:-1"},"canonical":"https:\/\/malaga.salesianos.edu\/colegio\/blog\/gran-exito-de-la-i-semana-cultural-de-salesianos-malaga\/","og_locale":"es_ES","og_type":"article","og_title":"Gran \u00e9xito de la \u201cI Semana Cultural de Salesianos M\u00e1laga\u201d - Colegio Concertado San Bartolom\u00e9 | Salesianos M\u00e1laga","og_description":"Del 23 al 27 de abril se desarroll\u00f3 la \u201d I Semana Cultural en Salesianos M\u00e1laga\u201d con gran participaci\u00f3n. Dicha semana gir\u00f3 alrededor de las letras, la creatividad y la expresi\u00f3n.","og_url":"https:\/\/malaga.salesianos.edu\/colegio\/blog\/gran-exito-de-la-i-semana-cultural-de-salesianos-malaga\/","og_site_name":"Colegio Concertado San Bartolom\u00e9 | Salesianos M\u00e1laga","article_published_time":"2018-04-28T22:05:36+00:00","article_modified_time":"2018-04-29T11:18:10+00:00","og_image":[{"width":1200,"height":900,"url":"https:\/\/malaga.salesianos.edu\/colegio\/wp-content\/uploads\/sites\/2\/2018\/04\/Primaria_semana_cultural_8.jpg","type":"image\/jpeg"}],"author":"Comunicaci\u00f3n MLG","twitter_card":"summary_large_image","twitter_misc":{"Escrito por":"Comunicaci\u00f3n MLG","Tiempo de lectura":"5 minutos"},"schema":{"@context":"https:\/\/schema.org","@graph":[{"@type":"Article","@id":"https:\/\/malaga.salesianos.edu\/colegio\/blog\/gran-exito-de-la-i-semana-cultural-de-salesianos-malaga\/#article","isPartOf":{"@id":"https:\/\/malaga.salesianos.edu\/colegio\/blog\/gran-exito-de-la-i-semana-cultural-de-salesianos-malaga\/"},"author":{"name":"Comunicaci\u00f3n MLG","@id":"https:\/\/malaga.salesianos.edu\/colegio\/#\/schema\/person\/fd7e7b338b40e1c817a659fe5fce718b"},"headline":"Gran \u00e9xito de la \u201cI Semana Cultural de Salesianos M\u00e1laga\u201d","datePublished":"2018-04-28T22:05:36+00:00","dateModified":"2018-04-29T11:18:10+00:00","mainEntityOfPage":{"@id":"https:\/\/malaga.salesianos.edu\/colegio\/blog\/gran-exito-de-la-i-semana-cultural-de-salesianos-malaga\/"},"wordCount":998,"commentCount":0,"publisher":{"@id":"https:\/\/malaga.salesianos.edu\/colegio\/#organization"},"image":{"@id":"https:\/\/malaga.salesianos.edu\/colegio\/blog\/gran-exito-de-la-i-semana-cultural-de-salesianos-malaga\/#primaryimage"},"thumbnailUrl":"https:\/\/malaga.salesianos.edu\/colegio\/wp-content\/uploads\/sites\/2\/2018\/04\/Primaria_semana_cultural_8.jpg","keywords":["Proyectos"],"articleSection":["Bachillerato","Colegio","ESO","Infantil","Primaria"],"inLanguage":"es","potentialAction":[{"@type":"CommentAction","name":"Comment","target":["https:\/\/malaga.salesianos.edu\/colegio\/blog\/gran-exito-de-la-i-semana-cultural-de-salesianos-malaga\/#respond"]}]},{"@type":"WebPage","@id":"https:\/\/malaga.salesianos.edu\/colegio\/blog\/gran-exito-de-la-i-semana-cultural-de-salesianos-malaga\/","url":"https:\/\/malaga.salesianos.edu\/colegio\/blog\/gran-exito-de-la-i-semana-cultural-de-salesianos-malaga\/","name":"Gran \u00e9xito de la \u201cI Semana Cultural de Salesianos M\u00e1laga\u201d - Colegio Concertado San Bartolom\u00e9 | Salesianos M\u00e1laga","isPartOf":{"@id":"https:\/\/malaga.salesianos.edu\/colegio\/#website"},"primaryImageOfPage":{"@id":"https:\/\/malaga.salesianos.edu\/colegio\/blog\/gran-exito-de-la-i-semana-cultural-de-salesianos-malaga\/#primaryimage"},"image":{"@id":"https:\/\/malaga.salesianos.edu\/colegio\/blog\/gran-exito-de-la-i-semana-cultural-de-salesianos-malaga\/#primaryimage"},"thumbnailUrl":"https:\/\/malaga.salesianos.edu\/colegio\/wp-content\/uploads\/sites\/2\/2018\/04\/Primaria_semana_cultural_8.jpg","datePublished":"2018-04-28T22:05:36+00:00","dateModified":"2018-04-29T11:18:10+00:00","breadcrumb":{"@id":"https:\/\/malaga.salesianos.edu\/colegio\/blog\/gran-exito-de-la-i-semana-cultural-de-salesianos-malaga\/#breadcrumb"},"inLanguage":"es","potentialAction":[{"@type":"ReadAction","target":["https:\/\/malaga.salesianos.edu\/colegio\/blog\/gran-exito-de-la-i-semana-cultural-de-salesianos-malaga\/"]}]},{"@type":"ImageObject","inLanguage":"es","@id":"https:\/\/malaga.salesianos.edu\/colegio\/blog\/gran-exito-de-la-i-semana-cultural-de-salesianos-malaga\/#primaryimage","url":"https:\/\/malaga.salesianos.edu\/colegio\/wp-content\/uploads\/sites\/2\/2018\/04\/Primaria_semana_cultural_8.jpg","contentUrl":"https:\/\/malaga.salesianos.edu\/colegio\/wp-content\/uploads\/sites\/2\/2018\/04\/Primaria_semana_cultural_8.jpg","width":1200,"height":900},{"@type":"BreadcrumbList","@id":"https:\/\/malaga.salesianos.edu\/colegio\/blog\/gran-exito-de-la-i-semana-cultural-de-salesianos-malaga\/#breadcrumb","itemListElement":[{"@type":"ListItem","position":1,"name":"Portada","item":"https:\/\/malaga.salesianos.edu\/colegio\/"},{"@type":"ListItem","position":2,"name":"Gran \u00e9xito de la \u201cI Semana Cultural de Salesianos M\u00e1laga\u201d"}]},{"@type":"WebSite","@id":"https:\/\/malaga.salesianos.edu\/colegio\/#website","url":"https:\/\/malaga.salesianos.edu\/colegio\/","name":"Colegio Concertado San Bartolom\u00e9 | Salesianos M\u00e1laga","description":"Centro concertado. Infantil, Primaria, ESO, Bachillerato, Formaci\u00f3n Profesional, Formaci\u00f3n Profesional B\u00e1sica (FPB) y Ciclos Formativos de Grado Medio y Superior.","publisher":{"@id":"https:\/\/malaga.salesianos.edu\/colegio\/#organization"},"potentialAction":[{"@type":"SearchAction","target":{"@type":"EntryPoint","urlTemplate":"https:\/\/malaga.salesianos.edu\/colegio\/?s={search_term_string}"},"query-input":{"@type":"PropertyValueSpecification","valueRequired":true,"valueName":"search_term_string"}}],"inLanguage":"es"},{"@type":"Organization","@id":"https:\/\/malaga.salesianos.edu\/colegio\/#organization","name":"Salesianos M\u00e1laga","url":"https:\/\/malaga.salesianos.edu\/colegio\/","logo":{"@type":"ImageObject","inLanguage":"es","@id":"https:\/\/malaga.salesianos.edu\/colegio\/#\/schema\/logo\/image\/","url":"https:\/\/malaga.salesianos.edu\/colegio\/wp-content\/uploads\/sites\/2\/2018\/04\/MALAGAobraVN2.jpg","contentUrl":"https:\/\/malaga.salesianos.edu\/colegio\/wp-content\/uploads\/sites\/2\/2018\/04\/MALAGAobraVN2.jpg","width":1937,"height":1490,"caption":"Salesianos M\u00e1laga"},"image":{"@id":"https:\/\/malaga.salesianos.edu\/colegio\/#\/schema\/logo\/image\/"}},{"@type":"Person","@id":"https:\/\/malaga.salesianos.edu\/colegio\/#\/schema\/person\/fd7e7b338b40e1c817a659fe5fce718b","name":"Comunicaci\u00f3n MLG","image":{"@type":"ImageObject","inLanguage":"es","@id":"https:\/\/secure.gravatar.com\/avatar\/2ce5c66be6c7ab6b098b2ac29099a68d1cdb824afbb8aadf744614ce719778ff?s=96&d=mm&r=g","url":"https:\/\/secure.gravatar.com\/avatar\/2ce5c66be6c7ab6b098b2ac29099a68d1cdb824afbb8aadf744614ce719778ff?s=96&d=mm&r=g","contentUrl":"https:\/\/secure.gravatar.com\/avatar\/2ce5c66be6c7ab6b098b2ac29099a68d1cdb824afbb8aadf744614ce719778ff?s=96&d=mm&r=g","caption":"Comunicaci\u00f3n MLG"}}]}},"_links":{"self":[{"href":"https:\/\/malaga.salesianos.edu\/colegio\/wp-json\/wp\/v2\/posts\/11553","targetHints":{"allow":["GET"]}}],"collection":[{"href":"https:\/\/malaga.salesianos.edu\/colegio\/wp-json\/wp\/v2\/posts"}],"about":[{"href":"https:\/\/malaga.salesianos.edu\/colegio\/wp-json\/wp\/v2\/types\/post"}],"author":[{"embeddable":true,"href":"https:\/\/malaga.salesianos.edu\/colegio\/wp-json\/wp\/v2\/users\/2"}],"replies":[{"embeddable":true,"href":"https:\/\/malaga.salesianos.edu\/colegio\/wp-json\/wp\/v2\/comments?post=11553"}],"version-history":[{"count":8,"href":"https:\/\/malaga.salesianos.edu\/colegio\/wp-json\/wp\/v2\/posts\/11553\/revisions"}],"predecessor-version":[{"id":11566,"href":"https:\/\/malaga.salesianos.edu\/colegio\/wp-json\/wp\/v2\/posts\/11553\/revisions\/11566"}],"wp:featuredmedia":[{"embeddable":true,"href":"https:\/\/malaga.salesianos.edu\/colegio\/wp-json\/wp\/v2\/media\/11554"}],"wp:attachment":[{"href":"https:\/\/malaga.salesianos.edu\/colegio\/wp-json\/wp\/v2\/media?parent=11553"}],"wp:term":[{"taxonomy":"category","embeddable":true,"href":"https:\/\/malaga.salesianos.edu\/colegio\/wp-json\/wp\/v2\/categories?post=11553"},{"taxonomy":"post_tag","embeddable":true,"href":"https:\/\/malaga.salesianos.edu\/colegio\/wp-json\/wp\/v2\/tags?post=11553"}],"curies":[{"name":"wp","href":"https:\/\/api.w.org\/{rel}","templated":true}]}}