{"id":11383,"date":"2018-04-12T21:20:09","date_gmt":"2018-04-12T19:20:09","guid":{"rendered":"https:\/\/malaga.salesianos.edu\/colegio\/blog\/fiesta-de-la-union-de-la-asociacion-de-antiguos-alumnos\/"},"modified":"2018-04-12T21:38:41","modified_gmt":"2018-04-12T19:38:41","slug":"fiesta-de-la-union-de-la-asociacion-de-antiguos-alumnos","status":"publish","type":"post","link":"https:\/\/malaga.salesianos.edu\/colegio\/blog\/fiesta-de-la-union-de-la-asociacion-de-antiguos-alumnos\/","title":{"rendered":"Fiesta de la Uni\u00f3n de la Asociaci\u00f3n de Antiguos Alumnos"},"content":{"rendered":"<p>[et_pb_section bb_built=\u00bb1&#8243; admin_label=\u00bbsection\u00bb custom_padding=\u00bb2px|0px|54px|0px\u00bb][et_pb_row admin_label=\u00bbrow\u00bb background_position=\u00bbtop_left\u00bb background_repeat=\u00bbrepeat\u00bb background_size=\u00bbinitial\u00bb][et_pb_column type=\u00bb4_4&#8243;][et_pb_text admin_label=\u00bbAutor\u00bb background_layout=\u00bblight\u00bb use_border_color=\u00bboff\u00bb border_color=\u00bb#ffffff\u00bb border_style=\u00bbsolid\u00bb _builder_version=\u00bb3.0.106&#8243;]<\/p>\n<p>Por\u00a0Jos\u00e9 Dur\u00e1n<\/p>\n<p>[\/et_pb_text][et_pb_text admin_label=\u00bbEntradilla\u00bb text_font=\u00bb|on|||\u00bb background_layout=\u00bblight\u00bb text_orientation=\u00bbjustified\u00bb use_border_color=\u00bboff\u00bb border_color=\u00bb#ffffff\u00bb border_style=\u00bbsolid\u00bb _builder_version=\u00bb3.0.106&#8243;]<\/p>\n<p><strong><em>La Asociaci\u00f3n de Antiguos Alumnos organiza la tradicional Fiesta de la Uni\u00f3n, para el pr\u00f3ximo 21 de abril, a la que est\u00e1n invitados todos los que han sido alumnos de nuestro colegio.<\/em><\/strong><\/p>\n<hr \/>\n<p>[\/et_pb_text][et_pb_text admin_label=\u00bbDesarrollo\u00bb background_layout=\u00bblight\u00bb text_orientation=\u00bbjustified\u00bb use_border_color=\u00bboff\u00bb _builder_version=\u00bb3.0.106&#8243;]<\/p>\n<p><img loading=\"lazy\" decoding=\"async\" class=\"alignleft size-thumbnail wp-image-11378\" src=\"https:\/\/malaga.salesianos.edu\/colegio\/wp-content\/uploads\/sites\/2\/2018\/04\/logo_aaaa_430_mejorado-150x150.png\" alt=\"\" width=\"150\" height=\"150\" srcset=\"https:\/\/malaga.salesianos.edu\/colegio\/wp-content\/uploads\/sites\/2\/2018\/04\/logo_aaaa_430_mejorado-150x150.png 150w, https:\/\/malaga.salesianos.edu\/colegio\/wp-content\/uploads\/sites\/2\/2018\/04\/logo_aaaa_430_mejorado-300x300.png 300w, https:\/\/malaga.salesianos.edu\/colegio\/wp-content\/uploads\/sites\/2\/2018\/04\/logo_aaaa_430_mejorado.png 430w\" sizes=\"(max-width: 150px) 100vw, 150px\" \/>La Fiesta de la Uni\u00f3n de este a\u00f1o la celebraremos reuni\u00e9ndonos en el colegio, queremos que sea un encuentro con vuestros compa\u00f1eros en vuestro patio y vuestras aulas,\u00a0 aquellas en las que compartisteis tantos buenos momentos y que seguro\u00a0 recordareis con cierta nostalgia.<\/p>\n<p>Os encontrar\u00e9is con un colegio nuevo, din\u00e1mico transformado para adaptarse a las exigencias de los tiempos con instalaciones y equipos renovados acordes con \u00a0las nuevas tecnolog\u00edas que demanda el mercado laboral y\u00a0 social.<\/p>\n<p>Descubrir\u00e9is que hay cosas que no han cambiado y que no cambiar\u00e1n nunca en una casa salesiana.<\/p>\n<p>LA ALEGRIA DEL PATIO PRESIDIDO POR D. BOSCO Y NUESTRA\u00a0MARIA AUXILIADORA.<\/p>\n<p><iframe loading=\"lazy\" width=\"1080\" height=\"608\" src=\"https:\/\/www.youtube.com\/embed\/videoseries?list=PLxB7kzCZA1Z9SX2E2kP0sFL9ZDSLG2Gfv\" frameborder=\"0\" allow=\"autoplay; encrypted-media\" allowfullscreen><\/iframe><\/p>\n<p>&nbsp;<\/p>\n<p>Hoy \u00a0existen unidades de infantil, primaria, secundaria, FPB, ciclos formativos y bachilleratos con un total de 1200 alumnos.<\/p>\n<p>Queremos tener la oportunidad de reunirnos los antiguos alumnos y tambi\u00e9n con algunos de los que fueron vuestros\u00a0 profesores.<\/p>\n<p>Ser\u00e1 el s\u00e1bado 21, iniciaremos \u00a0la jornada con una invitaci\u00f3n, despu\u00e9s unas palabras de bienvenida\u00a0 en audiovisuales seguido de un paseo por \u00a0clases y talleres \u00a0terminando como no, con una visita al Santuario.<\/p>\n<p>Tambi\u00e9n para aquellos que lo deseen a las dos, tendremos un almuerzo en el comedor del colegio. Por la m\u00f3dica cantidad de 15 \u20ac.<\/p>\n<p>Las tarjetas para la comida se recogen en porter\u00eda o reserv\u00e1ndolas a los miembros de la junta de los AA.AA.<\/p>\n<p>De no poder retirar la invitaci\u00f3n confirmar por tel\u00e9fono a los distintos grupos, a ser posible antes del jueves 19.<\/p>\n<p>[\/et_pb_text][et_pb_image _builder_version=\u00bb3.0.106&#8243; src=\u00bbhttps:\/\/malaga.salesianos.edu\/wp-content\/uploads\/2018\/04\/Fiesta_union_AAAA.jpg\u00bb show_in_lightbox=\u00bbon\u00bb url_new_window=\u00bboff\u00bb use_overlay=\u00bboff\u00bb always_center_on_mobile=\u00bbon\u00bb force_fullwidth=\u00bboff\u00bb show_bottom_space=\u00bbon\u00bb animation_style=\u00bbslide\u00bb \/][\/et_pb_column][\/et_pb_row][\/et_pb_section]<\/p>\n","protected":false},"excerpt":{"rendered":"<p>La Asociaci\u00f3n de Antiguos Alumnos organiza la tradicional Fiesta de la Uni\u00f3n, para el pr\u00f3ximo 21 de abril, a la que est\u00e1n invitados todos los que han sido alumnos de nuestro colegio.<\/p>\n","protected":false},"author":2,"featured_media":11382,"comment_status":"open","ping_status":"open","sticky":false,"template":"","format":"standard","meta":{"_et_pb_use_builder":"on","_et_pb_old_content":"","_et_gb_content_width":"","footnotes":""},"categories":[129,10,128],"tags":[183],"class_list":["post-11383","post","type-post","status-publish","format-standard","has-post-thumbnail","hentry","category-asoc-antiguos-alumnos","category-colegio","category-familia-salesiana","tag-asociacion-antiguos-alumnos"],"yoast_head":"<!-- This site is optimized with the Yoast SEO plugin v28.3 - https:\/\/yoast.com\/product\/yoast-seo-wordpress\/ -->\n<title>Fiesta de la Uni\u00f3n de la Asociaci\u00f3n de Antiguos Alumnos - Colegio Concertado San Bartolom\u00e9 | Salesianos M\u00e1laga<\/title>\n<meta name=\"robots\" content=\"index, follow, max-snippet:-1, max-image-preview:large, max-video-preview:-1\" \/>\n<link rel=\"canonical\" href=\"https:\/\/malaga.salesianos.edu\/colegio\/blog\/fiesta-de-la-union-de-la-asociacion-de-antiguos-alumnos\/\" \/>\n<meta property=\"og:locale\" content=\"es_ES\" \/>\n<meta property=\"og:type\" content=\"article\" \/>\n<meta property=\"og:title\" content=\"Fiesta de la Uni\u00f3n de la Asociaci\u00f3n de Antiguos Alumnos - Colegio Concertado San Bartolom\u00e9 | Salesianos M\u00e1laga\" \/>\n<meta property=\"og:description\" content=\"La Asociaci\u00f3n de Antiguos Alumnos organiza la tradicional Fiesta de la Uni\u00f3n, para el pr\u00f3ximo 21 de abril, a la que est\u00e1n invitados todos los que han sido alumnos de nuestro colegio.\" \/>\n<meta property=\"og:url\" content=\"https:\/\/malaga.salesianos.edu\/colegio\/blog\/fiesta-de-la-union-de-la-asociacion-de-antiguos-alumnos\/\" \/>\n<meta property=\"og:site_name\" content=\"Colegio Concertado San Bartolom\u00e9 | Salesianos M\u00e1laga\" \/>\n<meta property=\"article:published_time\" content=\"2018-04-12T19:20:09+00:00\" \/>\n<meta property=\"article:modified_time\" content=\"2018-04-12T19:38:41+00:00\" \/>\n<meta property=\"og:image\" content=\"https:\/\/malaga.salesianos.edu\/colegio\/wp-content\/uploads\/sites\/2\/2018\/04\/Fiesta_union_AAAA.jpg\" \/>\n\t<meta property=\"og:image:width\" content=\"842\" \/>\n\t<meta property=\"og:image:height\" content=\"1191\" \/>\n\t<meta property=\"og:image:type\" content=\"image\/jpeg\" \/>\n<meta name=\"author\" content=\"Comunicaci\u00f3n MLG\" \/>\n<meta name=\"twitter:card\" content=\"summary_large_image\" \/>\n<meta name=\"twitter:label1\" content=\"Escrito por\" \/>\n\t<meta name=\"twitter:data1\" content=\"Comunicaci\u00f3n MLG\" \/>\n\t<meta name=\"twitter:label2\" content=\"Tiempo de lectura\" \/>\n\t<meta name=\"twitter:data2\" content=\"2 minutos\" \/>\n<script type=\"application\/ld+json\" class=\"yoast-schema-graph\">{\"@context\":\"https:\\\/\\\/schema.org\",\"@graph\":[{\"@type\":\"Article\",\"@id\":\"https:\\\/\\\/malaga.salesianos.edu\\\/colegio\\\/blog\\\/fiesta-de-la-union-de-la-asociacion-de-antiguos-alumnos\\\/#article\",\"isPartOf\":{\"@id\":\"https:\\\/\\\/malaga.salesianos.edu\\\/colegio\\\/blog\\\/fiesta-de-la-union-de-la-asociacion-de-antiguos-alumnos\\\/\"},\"author\":{\"name\":\"Comunicaci\u00f3n MLG\",\"@id\":\"https:\\\/\\\/malaga.salesianos.edu\\\/colegio\\\/#\\\/schema\\\/person\\\/fd7e7b338b40e1c817a659fe5fce718b\"},\"headline\":\"Fiesta de la Uni\u00f3n de la Asociaci\u00f3n de Antiguos Alumnos\",\"datePublished\":\"2018-04-12T19:20:09+00:00\",\"dateModified\":\"2018-04-12T19:38:41+00:00\",\"mainEntityOfPage\":{\"@id\":\"https:\\\/\\\/malaga.salesianos.edu\\\/colegio\\\/blog\\\/fiesta-de-la-union-de-la-asociacion-de-antiguos-alumnos\\\/\"},\"wordCount\":487,\"commentCount\":0,\"publisher\":{\"@id\":\"https:\\\/\\\/malaga.salesianos.edu\\\/colegio\\\/#organization\"},\"image\":{\"@id\":\"https:\\\/\\\/malaga.salesianos.edu\\\/colegio\\\/blog\\\/fiesta-de-la-union-de-la-asociacion-de-antiguos-alumnos\\\/#primaryimage\"},\"thumbnailUrl\":\"https:\\\/\\\/malaga.salesianos.edu\\\/colegio\\\/wp-content\\\/uploads\\\/sites\\\/2\\\/2018\\\/04\\\/Fiesta_union_AAAA.jpg\",\"keywords\":[\"Asociaci\u00f3n Antiguos Alumnos\"],\"articleSection\":[\"Asoc. Antiguos Alumnos\",\"Colegio\",\"Familia Salesiana\"],\"inLanguage\":\"es\",\"potentialAction\":[{\"@type\":\"CommentAction\",\"name\":\"Comment\",\"target\":[\"https:\\\/\\\/malaga.salesianos.edu\\\/colegio\\\/blog\\\/fiesta-de-la-union-de-la-asociacion-de-antiguos-alumnos\\\/#respond\"]}]},{\"@type\":\"WebPage\",\"@id\":\"https:\\\/\\\/malaga.salesianos.edu\\\/colegio\\\/blog\\\/fiesta-de-la-union-de-la-asociacion-de-antiguos-alumnos\\\/\",\"url\":\"https:\\\/\\\/malaga.salesianos.edu\\\/colegio\\\/blog\\\/fiesta-de-la-union-de-la-asociacion-de-antiguos-alumnos\\\/\",\"name\":\"Fiesta de la Uni\u00f3n de la Asociaci\u00f3n de Antiguos Alumnos - Colegio Concertado San Bartolom\u00e9 | Salesianos M\u00e1laga\",\"isPartOf\":{\"@id\":\"https:\\\/\\\/malaga.salesianos.edu\\\/colegio\\\/#website\"},\"primaryImageOfPage\":{\"@id\":\"https:\\\/\\\/malaga.salesianos.edu\\\/colegio\\\/blog\\\/fiesta-de-la-union-de-la-asociacion-de-antiguos-alumnos\\\/#primaryimage\"},\"image\":{\"@id\":\"https:\\\/\\\/malaga.salesianos.edu\\\/colegio\\\/blog\\\/fiesta-de-la-union-de-la-asociacion-de-antiguos-alumnos\\\/#primaryimage\"},\"thumbnailUrl\":\"https:\\\/\\\/malaga.salesianos.edu\\\/colegio\\\/wp-content\\\/uploads\\\/sites\\\/2\\\/2018\\\/04\\\/Fiesta_union_AAAA.jpg\",\"datePublished\":\"2018-04-12T19:20:09+00:00\",\"dateModified\":\"2018-04-12T19:38:41+00:00\",\"breadcrumb\":{\"@id\":\"https:\\\/\\\/malaga.salesianos.edu\\\/colegio\\\/blog\\\/fiesta-de-la-union-de-la-asociacion-de-antiguos-alumnos\\\/#breadcrumb\"},\"inLanguage\":\"es\",\"potentialAction\":[{\"@type\":\"ReadAction\",\"target\":[\"https:\\\/\\\/malaga.salesianos.edu\\\/colegio\\\/blog\\\/fiesta-de-la-union-de-la-asociacion-de-antiguos-alumnos\\\/\"]}]},{\"@type\":\"ImageObject\",\"inLanguage\":\"es\",\"@id\":\"https:\\\/\\\/malaga.salesianos.edu\\\/colegio\\\/blog\\\/fiesta-de-la-union-de-la-asociacion-de-antiguos-alumnos\\\/#primaryimage\",\"url\":\"https:\\\/\\\/malaga.salesianos.edu\\\/colegio\\\/wp-content\\\/uploads\\\/sites\\\/2\\\/2018\\\/04\\\/Fiesta_union_AAAA.jpg\",\"contentUrl\":\"https:\\\/\\\/malaga.salesianos.edu\\\/colegio\\\/wp-content\\\/uploads\\\/sites\\\/2\\\/2018\\\/04\\\/Fiesta_union_AAAA.jpg\",\"width\":842,\"height\":1191},{\"@type\":\"BreadcrumbList\",\"@id\":\"https:\\\/\\\/malaga.salesianos.edu\\\/colegio\\\/blog\\\/fiesta-de-la-union-de-la-asociacion-de-antiguos-alumnos\\\/#breadcrumb\",\"itemListElement\":[{\"@type\":\"ListItem\",\"position\":1,\"name\":\"Portada\",\"item\":\"https:\\\/\\\/malaga.salesianos.edu\\\/colegio\\\/\"},{\"@type\":\"ListItem\",\"position\":2,\"name\":\"Fiesta de la Uni\u00f3n de la Asociaci\u00f3n de Antiguos Alumnos\"}]},{\"@type\":\"WebSite\",\"@id\":\"https:\\\/\\\/malaga.salesianos.edu\\\/colegio\\\/#website\",\"url\":\"https:\\\/\\\/malaga.salesianos.edu\\\/colegio\\\/\",\"name\":\"Colegio Concertado San Bartolom\u00e9 | Salesianos M\u00e1laga\",\"description\":\"Centro concertado. Infantil, Primaria, ESO, Bachillerato, Formaci\u00f3n Profesional, Formaci\u00f3n Profesional B\u00e1sica (FPB) y Ciclos Formativos de Grado Medio y Superior.\",\"publisher\":{\"@id\":\"https:\\\/\\\/malaga.salesianos.edu\\\/colegio\\\/#organization\"},\"potentialAction\":[{\"@type\":\"SearchAction\",\"target\":{\"@type\":\"EntryPoint\",\"urlTemplate\":\"https:\\\/\\\/malaga.salesianos.edu\\\/colegio\\\/?s={search_term_string}\"},\"query-input\":{\"@type\":\"PropertyValueSpecification\",\"valueRequired\":true,\"valueName\":\"search_term_string\"}}],\"inLanguage\":\"es\"},{\"@type\":\"Organization\",\"@id\":\"https:\\\/\\\/malaga.salesianos.edu\\\/colegio\\\/#organization\",\"name\":\"Salesianos M\u00e1laga\",\"url\":\"https:\\\/\\\/malaga.salesianos.edu\\\/colegio\\\/\",\"logo\":{\"@type\":\"ImageObject\",\"inLanguage\":\"es\",\"@id\":\"https:\\\/\\\/malaga.salesianos.edu\\\/colegio\\\/#\\\/schema\\\/logo\\\/image\\\/\",\"url\":\"https:\\\/\\\/malaga.salesianos.edu\\\/colegio\\\/wp-content\\\/uploads\\\/sites\\\/2\\\/2018\\\/04\\\/MALAGAobraVN2.jpg\",\"contentUrl\":\"https:\\\/\\\/malaga.salesianos.edu\\\/colegio\\\/wp-content\\\/uploads\\\/sites\\\/2\\\/2018\\\/04\\\/MALAGAobraVN2.jpg\",\"width\":1937,\"height\":1490,\"caption\":\"Salesianos M\u00e1laga\"},\"image\":{\"@id\":\"https:\\\/\\\/malaga.salesianos.edu\\\/colegio\\\/#\\\/schema\\\/logo\\\/image\\\/\"}},{\"@type\":\"Person\",\"@id\":\"https:\\\/\\\/malaga.salesianos.edu\\\/colegio\\\/#\\\/schema\\\/person\\\/fd7e7b338b40e1c817a659fe5fce718b\",\"name\":\"Comunicaci\u00f3n MLG\",\"image\":{\"@type\":\"ImageObject\",\"inLanguage\":\"es\",\"@id\":\"https:\\\/\\\/secure.gravatar.com\\\/avatar\\\/2ce5c66be6c7ab6b098b2ac29099a68d1cdb824afbb8aadf744614ce719778ff?s=96&d=mm&r=g\",\"url\":\"https:\\\/\\\/secure.gravatar.com\\\/avatar\\\/2ce5c66be6c7ab6b098b2ac29099a68d1cdb824afbb8aadf744614ce719778ff?s=96&d=mm&r=g\",\"contentUrl\":\"https:\\\/\\\/secure.gravatar.com\\\/avatar\\\/2ce5c66be6c7ab6b098b2ac29099a68d1cdb824afbb8aadf744614ce719778ff?s=96&d=mm&r=g\",\"caption\":\"Comunicaci\u00f3n MLG\"}}]}<\/script>\n<!-- \/ Yoast SEO plugin. -->","yoast_head_json":{"title":"Fiesta de la Uni\u00f3n de la Asociaci\u00f3n de Antiguos Alumnos - Colegio Concertado San Bartolom\u00e9 | Salesianos M\u00e1laga","robots":{"index":"index","follow":"follow","max-snippet":"max-snippet:-1","max-image-preview":"max-image-preview:large","max-video-preview":"max-video-preview:-1"},"canonical":"https:\/\/malaga.salesianos.edu\/colegio\/blog\/fiesta-de-la-union-de-la-asociacion-de-antiguos-alumnos\/","og_locale":"es_ES","og_type":"article","og_title":"Fiesta de la Uni\u00f3n de la Asociaci\u00f3n de Antiguos Alumnos - Colegio Concertado San Bartolom\u00e9 | Salesianos M\u00e1laga","og_description":"La Asociaci\u00f3n de Antiguos Alumnos organiza la tradicional Fiesta de la Uni\u00f3n, para el pr\u00f3ximo 21 de abril, a la que est\u00e1n invitados todos los que han sido alumnos de nuestro colegio.","og_url":"https:\/\/malaga.salesianos.edu\/colegio\/blog\/fiesta-de-la-union-de-la-asociacion-de-antiguos-alumnos\/","og_site_name":"Colegio Concertado San Bartolom\u00e9 | Salesianos M\u00e1laga","article_published_time":"2018-04-12T19:20:09+00:00","article_modified_time":"2018-04-12T19:38:41+00:00","og_image":[{"width":842,"height":1191,"url":"https:\/\/malaga.salesianos.edu\/colegio\/wp-content\/uploads\/sites\/2\/2018\/04\/Fiesta_union_AAAA.jpg","type":"image\/jpeg"}],"author":"Comunicaci\u00f3n MLG","twitter_card":"summary_large_image","twitter_misc":{"Escrito por":"Comunicaci\u00f3n MLG","Tiempo de lectura":"2 minutos"},"schema":{"@context":"https:\/\/schema.org","@graph":[{"@type":"Article","@id":"https:\/\/malaga.salesianos.edu\/colegio\/blog\/fiesta-de-la-union-de-la-asociacion-de-antiguos-alumnos\/#article","isPartOf":{"@id":"https:\/\/malaga.salesianos.edu\/colegio\/blog\/fiesta-de-la-union-de-la-asociacion-de-antiguos-alumnos\/"},"author":{"name":"Comunicaci\u00f3n MLG","@id":"https:\/\/malaga.salesianos.edu\/colegio\/#\/schema\/person\/fd7e7b338b40e1c817a659fe5fce718b"},"headline":"Fiesta de la Uni\u00f3n de la Asociaci\u00f3n de Antiguos Alumnos","datePublished":"2018-04-12T19:20:09+00:00","dateModified":"2018-04-12T19:38:41+00:00","mainEntityOfPage":{"@id":"https:\/\/malaga.salesianos.edu\/colegio\/blog\/fiesta-de-la-union-de-la-asociacion-de-antiguos-alumnos\/"},"wordCount":487,"commentCount":0,"publisher":{"@id":"https:\/\/malaga.salesianos.edu\/colegio\/#organization"},"image":{"@id":"https:\/\/malaga.salesianos.edu\/colegio\/blog\/fiesta-de-la-union-de-la-asociacion-de-antiguos-alumnos\/#primaryimage"},"thumbnailUrl":"https:\/\/malaga.salesianos.edu\/colegio\/wp-content\/uploads\/sites\/2\/2018\/04\/Fiesta_union_AAAA.jpg","keywords":["Asociaci\u00f3n Antiguos Alumnos"],"articleSection":["Asoc. Antiguos Alumnos","Colegio","Familia Salesiana"],"inLanguage":"es","potentialAction":[{"@type":"CommentAction","name":"Comment","target":["https:\/\/malaga.salesianos.edu\/colegio\/blog\/fiesta-de-la-union-de-la-asociacion-de-antiguos-alumnos\/#respond"]}]},{"@type":"WebPage","@id":"https:\/\/malaga.salesianos.edu\/colegio\/blog\/fiesta-de-la-union-de-la-asociacion-de-antiguos-alumnos\/","url":"https:\/\/malaga.salesianos.edu\/colegio\/blog\/fiesta-de-la-union-de-la-asociacion-de-antiguos-alumnos\/","name":"Fiesta de la Uni\u00f3n de la Asociaci\u00f3n de Antiguos Alumnos - Colegio Concertado San Bartolom\u00e9 | Salesianos M\u00e1laga","isPartOf":{"@id":"https:\/\/malaga.salesianos.edu\/colegio\/#website"},"primaryImageOfPage":{"@id":"https:\/\/malaga.salesianos.edu\/colegio\/blog\/fiesta-de-la-union-de-la-asociacion-de-antiguos-alumnos\/#primaryimage"},"image":{"@id":"https:\/\/malaga.salesianos.edu\/colegio\/blog\/fiesta-de-la-union-de-la-asociacion-de-antiguos-alumnos\/#primaryimage"},"thumbnailUrl":"https:\/\/malaga.salesianos.edu\/colegio\/wp-content\/uploads\/sites\/2\/2018\/04\/Fiesta_union_AAAA.jpg","datePublished":"2018-04-12T19:20:09+00:00","dateModified":"2018-04-12T19:38:41+00:00","breadcrumb":{"@id":"https:\/\/malaga.salesianos.edu\/colegio\/blog\/fiesta-de-la-union-de-la-asociacion-de-antiguos-alumnos\/#breadcrumb"},"inLanguage":"es","potentialAction":[{"@type":"ReadAction","target":["https:\/\/malaga.salesianos.edu\/colegio\/blog\/fiesta-de-la-union-de-la-asociacion-de-antiguos-alumnos\/"]}]},{"@type":"ImageObject","inLanguage":"es","@id":"https:\/\/malaga.salesianos.edu\/colegio\/blog\/fiesta-de-la-union-de-la-asociacion-de-antiguos-alumnos\/#primaryimage","url":"https:\/\/malaga.salesianos.edu\/colegio\/wp-content\/uploads\/sites\/2\/2018\/04\/Fiesta_union_AAAA.jpg","contentUrl":"https:\/\/malaga.salesianos.edu\/colegio\/wp-content\/uploads\/sites\/2\/2018\/04\/Fiesta_union_AAAA.jpg","width":842,"height":1191},{"@type":"BreadcrumbList","@id":"https:\/\/malaga.salesianos.edu\/colegio\/blog\/fiesta-de-la-union-de-la-asociacion-de-antiguos-alumnos\/#breadcrumb","itemListElement":[{"@type":"ListItem","position":1,"name":"Portada","item":"https:\/\/malaga.salesianos.edu\/colegio\/"},{"@type":"ListItem","position":2,"name":"Fiesta de la Uni\u00f3n de la Asociaci\u00f3n de Antiguos Alumnos"}]},{"@type":"WebSite","@id":"https:\/\/malaga.salesianos.edu\/colegio\/#website","url":"https:\/\/malaga.salesianos.edu\/colegio\/","name":"Colegio Concertado San Bartolom\u00e9 | Salesianos M\u00e1laga","description":"Centro concertado. Infantil, Primaria, ESO, Bachillerato, Formaci\u00f3n Profesional, Formaci\u00f3n Profesional B\u00e1sica (FPB) y Ciclos Formativos de Grado Medio y Superior.","publisher":{"@id":"https:\/\/malaga.salesianos.edu\/colegio\/#organization"},"potentialAction":[{"@type":"SearchAction","target":{"@type":"EntryPoint","urlTemplate":"https:\/\/malaga.salesianos.edu\/colegio\/?s={search_term_string}"},"query-input":{"@type":"PropertyValueSpecification","valueRequired":true,"valueName":"search_term_string"}}],"inLanguage":"es"},{"@type":"Organization","@id":"https:\/\/malaga.salesianos.edu\/colegio\/#organization","name":"Salesianos M\u00e1laga","url":"https:\/\/malaga.salesianos.edu\/colegio\/","logo":{"@type":"ImageObject","inLanguage":"es","@id":"https:\/\/malaga.salesianos.edu\/colegio\/#\/schema\/logo\/image\/","url":"https:\/\/malaga.salesianos.edu\/colegio\/wp-content\/uploads\/sites\/2\/2018\/04\/MALAGAobraVN2.jpg","contentUrl":"https:\/\/malaga.salesianos.edu\/colegio\/wp-content\/uploads\/sites\/2\/2018\/04\/MALAGAobraVN2.jpg","width":1937,"height":1490,"caption":"Salesianos M\u00e1laga"},"image":{"@id":"https:\/\/malaga.salesianos.edu\/colegio\/#\/schema\/logo\/image\/"}},{"@type":"Person","@id":"https:\/\/malaga.salesianos.edu\/colegio\/#\/schema\/person\/fd7e7b338b40e1c817a659fe5fce718b","name":"Comunicaci\u00f3n MLG","image":{"@type":"ImageObject","inLanguage":"es","@id":"https:\/\/secure.gravatar.com\/avatar\/2ce5c66be6c7ab6b098b2ac29099a68d1cdb824afbb8aadf744614ce719778ff?s=96&d=mm&r=g","url":"https:\/\/secure.gravatar.com\/avatar\/2ce5c66be6c7ab6b098b2ac29099a68d1cdb824afbb8aadf744614ce719778ff?s=96&d=mm&r=g","contentUrl":"https:\/\/secure.gravatar.com\/avatar\/2ce5c66be6c7ab6b098b2ac29099a68d1cdb824afbb8aadf744614ce719778ff?s=96&d=mm&r=g","caption":"Comunicaci\u00f3n MLG"}}]}},"_links":{"self":[{"href":"https:\/\/malaga.salesianos.edu\/colegio\/wp-json\/wp\/v2\/posts\/11383","targetHints":{"allow":["GET"]}}],"collection":[{"href":"https:\/\/malaga.salesianos.edu\/colegio\/wp-json\/wp\/v2\/posts"}],"about":[{"href":"https:\/\/malaga.salesianos.edu\/colegio\/wp-json\/wp\/v2\/types\/post"}],"author":[{"embeddable":true,"href":"https:\/\/malaga.salesianos.edu\/colegio\/wp-json\/wp\/v2\/users\/2"}],"replies":[{"embeddable":true,"href":"https:\/\/malaga.salesianos.edu\/colegio\/wp-json\/wp\/v2\/comments?post=11383"}],"version-history":[{"count":3,"href":"https:\/\/malaga.salesianos.edu\/colegio\/wp-json\/wp\/v2\/posts\/11383\/revisions"}],"predecessor-version":[{"id":11395,"href":"https:\/\/malaga.salesianos.edu\/colegio\/wp-json\/wp\/v2\/posts\/11383\/revisions\/11395"}],"wp:featuredmedia":[{"embeddable":true,"href":"https:\/\/malaga.salesianos.edu\/colegio\/wp-json\/wp\/v2\/media\/11382"}],"wp:attachment":[{"href":"https:\/\/malaga.salesianos.edu\/colegio\/wp-json\/wp\/v2\/media?parent=11383"}],"wp:term":[{"taxonomy":"category","embeddable":true,"href":"https:\/\/malaga.salesianos.edu\/colegio\/wp-json\/wp\/v2\/categories?post=11383"},{"taxonomy":"post_tag","embeddable":true,"href":"https:\/\/malaga.salesianos.edu\/colegio\/wp-json\/wp\/v2\/tags?post=11383"}],"curies":[{"name":"wp","href":"https:\/\/api.w.org\/{rel}","templated":true}]}}