{"id":8536,"date":"2019-11-22T12:57:13","date_gmt":"2019-11-22T11:57:13","guid":{"rendered":"https:\/\/malaga.salesianos.edu\/ampa\/blog\/signos-identidad\/"},"modified":"2019-11-22T12:57:13","modified_gmt":"2019-11-22T11:57:13","slug":"signos-identidad","status":"publish","type":"post","link":"https:\/\/malaga.salesianos.edu\/ampa\/blog\/signos-identidad\/","title":{"rendered":"Signos de identidad"},"content":{"rendered":"<p>[et_pb_section fb_built=\u00bb1&#8243; admin_label=\u00bbsection\u00bb _builder_version=\u00bb3.22.3&#8243; custom_padding=\u00bb2px|0px|54px|0px\u00bb][et_pb_row admin_label=\u00bbrow\u00bb _builder_version=\u00bb3.25&#8243; background_size=\u00bbinitial\u00bb background_position=\u00bbtop_left\u00bb background_repeat=\u00bbrepeat\u00bb][et_pb_column type=\u00bb4_4&#8243; _builder_version=\u00bb3.25&#8243; custom_padding=\u00bb|||\u00bb custom_padding__hover=\u00bb|||\u00bb][et_pb_text admin_label=\u00bbDesarrollo\u00bb _builder_version=\u00bb4.0.6&#8243; text_orientation=\u00bbjustified\u00bb custom_padding=\u00bb0px|||||\u00bb z_index_tablet=\u00bb500&#8243; use_border_color=\u00bboff\u00bb border_color=\u00bb#ffffff\u00bb border_style=\u00bbsolid\u00bb]El pr\u00f3ximo viernes 29 de noviembre tendr\u00e1 lugar la inauguraci\u00f3n de la exposici\u00f3n fotogr\u00e1fica <strong>\u00abSignos de identidad\u00bb<\/strong>, una de las actividades previstas dentro del programa de actos conmemorativos del 125 aniversario de la presencia salesiana en M\u00e1laga.<\/p>\n<p>\u00abSignos de identidad\u00bb desea ser un agradecimiento gr\u00e1fico que rememora toda esta rica historia de amor educativo heredada, con un presente lleno de vida y que nos augura un futuro abierto a la esperanza, con nuevos retos y sue\u00f1os por conseguir.\u00a0 La creatividad la m\u00fasica, el deporte, han sido siempre pilares fundamentales de la pedagog\u00eda salesiana. La exposici\u00f3n es un recorrido art\u00edstico, po\u00e9tico, lleno de historia, de nostalgia y de promesas al contemplar los primeros talleres, la m\u00fasica, el teatro y el deporte como motor de una educaci\u00f3n integral de tanta juventud que ha pasado por estecoqueto patio de \u201cSan Bartolom\u00e9\u201d.<\/p>\n<p>El trabajo ha sido coordinado por D. Alfonso Clavero, salesiano cooperador, y llevado a cabo por el fot\u00f3grafo y salesiano cooperador,\u00a0 <a href=\"https:\/\/www.jesusjimenez.es\/\" target=\"_blank\" rel=\"noopener noreferrer\">D. Jes\u00fas Jim\u00e9nez<\/a>, y el profesor del centro, D. Alfonso Vicente.<\/p>\n<p>El acto de inauguraci\u00f3n tendr\u00e1 lugar a las 18:30 h en el teatro \u00abRafael Moreno\u00bb, ubicado en colegio salesiano \u00abSan Bartolom\u00e9\u00bb. A partir de ese momento, la exposici\u00f3n quedar\u00e1, de manera permanente, en nuestro teatro.<\/p>\n<p>&nbsp;<\/p>\n<p>&nbsp;[\/et_pb_text][\/et_pb_column][\/et_pb_row][\/et_pb_section]<\/p>\n","protected":false},"excerpt":{"rendered":"<p>El pr\u00f3ximo viernes 29 de noviembre tendr\u00e1 lugar la inauguraci\u00f3n de la exposici\u00f3n fotogr\u00e1fica \u00abSignos de identidad\u00bb, una de las actividades previstas dentro del programa de actos conmemorativos del 125 aniversario de la presencia salesiana en M\u00e1laga. \u00abSignos de identidad\u00bb desea ser un agradecimiento gr\u00e1fico que rememora toda esta rica historia de amor educativo heredada, [&hellip;]<\/p>\n","protected":false},"author":2,"featured_media":19244,"comment_status":"open","ping_status":"open","sticky":false,"template":"","format":"standard","meta":{"_et_pb_use_builder":"on","_et_pb_old_content":"","_et_gb_content_width":"","footnotes":""},"categories":[10],"tags":[],"class_list":["post-8536","post","type-post","status-publish","format-standard","has-post-thumbnail","hentry","category-colegio"],"yoast_head":"<!-- This site is optimized with the Yoast SEO plugin v28.3 - https:\/\/yoast.com\/product\/yoast-seo-wordpress\/ -->\n<title>Signos de identidad - AMPA Mam\u00e1 Margarita | Salesianos M\u00e1laga<\/title>\n<meta name=\"robots\" content=\"index, follow, max-snippet:-1, max-image-preview:large, max-video-preview:-1\" \/>\n<link rel=\"canonical\" href=\"https:\/\/malaga.salesianos.edu\/ampa\/blog\/signos-identidad\/\" \/>\n<meta property=\"og:locale\" content=\"es_ES\" \/>\n<meta property=\"og:type\" content=\"article\" \/>\n<meta property=\"og:title\" content=\"Signos de identidad - AMPA Mam\u00e1 Margarita | Salesianos M\u00e1laga\" \/>\n<meta property=\"og:description\" content=\"El pr\u00f3ximo viernes 29 de noviembre tendr\u00e1 lugar la inauguraci\u00f3n de la exposici\u00f3n fotogr\u00e1fica &quot;Signos de identidad&quot;, una de las actividades previstas dentro del programa de actos conmemorativos del 125 aniversario de la presencia salesiana en M\u00e1laga. &quot;Signos de identidad&quot; desea ser un agradecimiento gr\u00e1fico que rememora toda esta rica historia de amor educativo heredada, [&hellip;]\" \/>\n<meta property=\"og:url\" content=\"https:\/\/malaga.salesianos.edu\/ampa\/blog\/signos-identidad\/\" \/>\n<meta property=\"og:site_name\" content=\"AMPA Mam\u00e1 Margarita | Salesianos M\u00e1laga\" \/>\n<meta property=\"article:published_time\" content=\"2019-11-22T11:57:13+00:00\" \/>\n<meta name=\"author\" content=\"Comunicaci\u00f3n MLG\" \/>\n<meta name=\"twitter:card\" content=\"summary_large_image\" \/>\n<meta name=\"twitter:label1\" content=\"Escrito por\" \/>\n\t<meta name=\"twitter:data1\" content=\"Comunicaci\u00f3n MLG\" \/>\n\t<meta name=\"twitter:label2\" content=\"Tiempo de lectura\" \/>\n\t<meta name=\"twitter:data2\" content=\"2 minutos\" \/>\n<script type=\"application\/ld+json\" class=\"yoast-schema-graph\">{\"@context\":\"https:\\\/\\\/schema.org\",\"@graph\":[{\"@type\":\"Article\",\"@id\":\"https:\\\/\\\/malaga.salesianos.edu\\\/ampa\\\/blog\\\/signos-identidad\\\/#article\",\"isPartOf\":{\"@id\":\"https:\\\/\\\/malaga.salesianos.edu\\\/ampa\\\/blog\\\/signos-identidad\\\/\"},\"author\":{\"name\":\"Comunicaci\u00f3n MLG\",\"@id\":\"https:\\\/\\\/malaga.salesianos.edu\\\/ampa\\\/#\\\/schema\\\/person\\\/fd7e7b338b40e1c817a659fe5fce718b\"},\"headline\":\"Signos de identidad\",\"datePublished\":\"2019-11-22T11:57:13+00:00\",\"mainEntityOfPage\":{\"@id\":\"https:\\\/\\\/malaga.salesianos.edu\\\/ampa\\\/blog\\\/signos-identidad\\\/\"},\"wordCount\":310,\"commentCount\":0,\"image\":{\"@id\":\"https:\\\/\\\/malaga.salesianos.edu\\\/ampa\\\/blog\\\/signos-identidad\\\/#primaryimage\"},\"thumbnailUrl\":\"\",\"articleSection\":[\"Colegio\"],\"inLanguage\":\"es\",\"potentialAction\":[{\"@type\":\"CommentAction\",\"name\":\"Comment\",\"target\":[\"https:\\\/\\\/malaga.salesianos.edu\\\/ampa\\\/blog\\\/signos-identidad\\\/#respond\"]}]},{\"@type\":\"WebPage\",\"@id\":\"https:\\\/\\\/malaga.salesianos.edu\\\/ampa\\\/blog\\\/signos-identidad\\\/\",\"url\":\"https:\\\/\\\/malaga.salesianos.edu\\\/ampa\\\/blog\\\/signos-identidad\\\/\",\"name\":\"Signos de identidad - AMPA Mam\u00e1 Margarita | Salesianos M\u00e1laga\",\"isPartOf\":{\"@id\":\"https:\\\/\\\/malaga.salesianos.edu\\\/ampa\\\/#website\"},\"primaryImageOfPage\":{\"@id\":\"https:\\\/\\\/malaga.salesianos.edu\\\/ampa\\\/blog\\\/signos-identidad\\\/#primaryimage\"},\"image\":{\"@id\":\"https:\\\/\\\/malaga.salesianos.edu\\\/ampa\\\/blog\\\/signos-identidad\\\/#primaryimage\"},\"thumbnailUrl\":\"\",\"datePublished\":\"2019-11-22T11:57:13+00:00\",\"author\":{\"@id\":\"https:\\\/\\\/malaga.salesianos.edu\\\/ampa\\\/#\\\/schema\\\/person\\\/fd7e7b338b40e1c817a659fe5fce718b\"},\"breadcrumb\":{\"@id\":\"https:\\\/\\\/malaga.salesianos.edu\\\/ampa\\\/blog\\\/signos-identidad\\\/#breadcrumb\"},\"inLanguage\":\"es\",\"potentialAction\":[{\"@type\":\"ReadAction\",\"target\":[\"https:\\\/\\\/malaga.salesianos.edu\\\/ampa\\\/blog\\\/signos-identidad\\\/\"]}]},{\"@type\":\"ImageObject\",\"inLanguage\":\"es\",\"@id\":\"https:\\\/\\\/malaga.salesianos.edu\\\/ampa\\\/blog\\\/signos-identidad\\\/#primaryimage\",\"url\":\"\",\"contentUrl\":\"\"},{\"@type\":\"BreadcrumbList\",\"@id\":\"https:\\\/\\\/malaga.salesianos.edu\\\/ampa\\\/blog\\\/signos-identidad\\\/#breadcrumb\",\"itemListElement\":[{\"@type\":\"ListItem\",\"position\":1,\"name\":\"Portada\",\"item\":\"https:\\\/\\\/malaga.salesianos.edu\\\/ampa\\\/\"},{\"@type\":\"ListItem\",\"position\":2,\"name\":\"Signos de identidad\"}]},{\"@type\":\"WebSite\",\"@id\":\"https:\\\/\\\/malaga.salesianos.edu\\\/ampa\\\/#website\",\"url\":\"https:\\\/\\\/malaga.salesianos.edu\\\/ampa\\\/\",\"name\":\"AMPA Mam\u00e1 Margarita | Salesianos M\u00e1laga\",\"description\":\"Asociaci\u00f3n de madres y padres AMPA Mam\u00e1 Margarita | Colegio Salesiano San Bartolom\u00e9 de M\u00e1laga\",\"potentialAction\":[{\"@type\":\"SearchAction\",\"target\":{\"@type\":\"EntryPoint\",\"urlTemplate\":\"https:\\\/\\\/malaga.salesianos.edu\\\/ampa\\\/?s={search_term_string}\"},\"query-input\":{\"@type\":\"PropertyValueSpecification\",\"valueRequired\":true,\"valueName\":\"search_term_string\"}}],\"inLanguage\":\"es\"},{\"@type\":\"Person\",\"@id\":\"https:\\\/\\\/malaga.salesianos.edu\\\/ampa\\\/#\\\/schema\\\/person\\\/fd7e7b338b40e1c817a659fe5fce718b\",\"name\":\"Comunicaci\u00f3n MLG\",\"image\":{\"@type\":\"ImageObject\",\"inLanguage\":\"es\",\"@id\":\"https:\\\/\\\/secure.gravatar.com\\\/avatar\\\/2ce5c66be6c7ab6b098b2ac29099a68d1cdb824afbb8aadf744614ce719778ff?s=96&d=mm&r=g\",\"url\":\"https:\\\/\\\/secure.gravatar.com\\\/avatar\\\/2ce5c66be6c7ab6b098b2ac29099a68d1cdb824afbb8aadf744614ce719778ff?s=96&d=mm&r=g\",\"contentUrl\":\"https:\\\/\\\/secure.gravatar.com\\\/avatar\\\/2ce5c66be6c7ab6b098b2ac29099a68d1cdb824afbb8aadf744614ce719778ff?s=96&d=mm&r=g\",\"caption\":\"Comunicaci\u00f3n MLG\"}}]}<\/script>\n<!-- \/ Yoast SEO plugin. -->","yoast_head_json":{"title":"Signos de identidad - AMPA Mam\u00e1 Margarita | Salesianos M\u00e1laga","robots":{"index":"index","follow":"follow","max-snippet":"max-snippet:-1","max-image-preview":"max-image-preview:large","max-video-preview":"max-video-preview:-1"},"canonical":"https:\/\/malaga.salesianos.edu\/ampa\/blog\/signos-identidad\/","og_locale":"es_ES","og_type":"article","og_title":"Signos de identidad - AMPA Mam\u00e1 Margarita | Salesianos M\u00e1laga","og_description":"El pr\u00f3ximo viernes 29 de noviembre tendr\u00e1 lugar la inauguraci\u00f3n de la exposici\u00f3n fotogr\u00e1fica \"Signos de identidad\", una de las actividades previstas dentro del programa de actos conmemorativos del 125 aniversario de la presencia salesiana en M\u00e1laga. \"Signos de identidad\" desea ser un agradecimiento gr\u00e1fico que rememora toda esta rica historia de amor educativo heredada, [&hellip;]","og_url":"https:\/\/malaga.salesianos.edu\/ampa\/blog\/signos-identidad\/","og_site_name":"AMPA Mam\u00e1 Margarita | Salesianos M\u00e1laga","article_published_time":"2019-11-22T11:57:13+00:00","author":"Comunicaci\u00f3n MLG","twitter_card":"summary_large_image","twitter_misc":{"Escrito por":"Comunicaci\u00f3n MLG","Tiempo de lectura":"2 minutos"},"schema":{"@context":"https:\/\/schema.org","@graph":[{"@type":"Article","@id":"https:\/\/malaga.salesianos.edu\/ampa\/blog\/signos-identidad\/#article","isPartOf":{"@id":"https:\/\/malaga.salesianos.edu\/ampa\/blog\/signos-identidad\/"},"author":{"name":"Comunicaci\u00f3n MLG","@id":"https:\/\/malaga.salesianos.edu\/ampa\/#\/schema\/person\/fd7e7b338b40e1c817a659fe5fce718b"},"headline":"Signos de identidad","datePublished":"2019-11-22T11:57:13+00:00","mainEntityOfPage":{"@id":"https:\/\/malaga.salesianos.edu\/ampa\/blog\/signos-identidad\/"},"wordCount":310,"commentCount":0,"image":{"@id":"https:\/\/malaga.salesianos.edu\/ampa\/blog\/signos-identidad\/#primaryimage"},"thumbnailUrl":"","articleSection":["Colegio"],"inLanguage":"es","potentialAction":[{"@type":"CommentAction","name":"Comment","target":["https:\/\/malaga.salesianos.edu\/ampa\/blog\/signos-identidad\/#respond"]}]},{"@type":"WebPage","@id":"https:\/\/malaga.salesianos.edu\/ampa\/blog\/signos-identidad\/","url":"https:\/\/malaga.salesianos.edu\/ampa\/blog\/signos-identidad\/","name":"Signos de identidad - AMPA Mam\u00e1 Margarita | Salesianos M\u00e1laga","isPartOf":{"@id":"https:\/\/malaga.salesianos.edu\/ampa\/#website"},"primaryImageOfPage":{"@id":"https:\/\/malaga.salesianos.edu\/ampa\/blog\/signos-identidad\/#primaryimage"},"image":{"@id":"https:\/\/malaga.salesianos.edu\/ampa\/blog\/signos-identidad\/#primaryimage"},"thumbnailUrl":"","datePublished":"2019-11-22T11:57:13+00:00","author":{"@id":"https:\/\/malaga.salesianos.edu\/ampa\/#\/schema\/person\/fd7e7b338b40e1c817a659fe5fce718b"},"breadcrumb":{"@id":"https:\/\/malaga.salesianos.edu\/ampa\/blog\/signos-identidad\/#breadcrumb"},"inLanguage":"es","potentialAction":[{"@type":"ReadAction","target":["https:\/\/malaga.salesianos.edu\/ampa\/blog\/signos-identidad\/"]}]},{"@type":"ImageObject","inLanguage":"es","@id":"https:\/\/malaga.salesianos.edu\/ampa\/blog\/signos-identidad\/#primaryimage","url":"","contentUrl":""},{"@type":"BreadcrumbList","@id":"https:\/\/malaga.salesianos.edu\/ampa\/blog\/signos-identidad\/#breadcrumb","itemListElement":[{"@type":"ListItem","position":1,"name":"Portada","item":"https:\/\/malaga.salesianos.edu\/ampa\/"},{"@type":"ListItem","position":2,"name":"Signos de identidad"}]},{"@type":"WebSite","@id":"https:\/\/malaga.salesianos.edu\/ampa\/#website","url":"https:\/\/malaga.salesianos.edu\/ampa\/","name":"AMPA Mam\u00e1 Margarita | Salesianos M\u00e1laga","description":"Asociaci\u00f3n de madres y padres AMPA Mam\u00e1 Margarita | Colegio Salesiano San Bartolom\u00e9 de M\u00e1laga","potentialAction":[{"@type":"SearchAction","target":{"@type":"EntryPoint","urlTemplate":"https:\/\/malaga.salesianos.edu\/ampa\/?s={search_term_string}"},"query-input":{"@type":"PropertyValueSpecification","valueRequired":true,"valueName":"search_term_string"}}],"inLanguage":"es"},{"@type":"Person","@id":"https:\/\/malaga.salesianos.edu\/ampa\/#\/schema\/person\/fd7e7b338b40e1c817a659fe5fce718b","name":"Comunicaci\u00f3n MLG","image":{"@type":"ImageObject","inLanguage":"es","@id":"https:\/\/secure.gravatar.com\/avatar\/2ce5c66be6c7ab6b098b2ac29099a68d1cdb824afbb8aadf744614ce719778ff?s=96&d=mm&r=g","url":"https:\/\/secure.gravatar.com\/avatar\/2ce5c66be6c7ab6b098b2ac29099a68d1cdb824afbb8aadf744614ce719778ff?s=96&d=mm&r=g","contentUrl":"https:\/\/secure.gravatar.com\/avatar\/2ce5c66be6c7ab6b098b2ac29099a68d1cdb824afbb8aadf744614ce719778ff?s=96&d=mm&r=g","caption":"Comunicaci\u00f3n MLG"}}]}},"_links":{"self":[{"href":"https:\/\/malaga.salesianos.edu\/ampa\/wp-json\/wp\/v2\/posts\/8536","targetHints":{"allow":["GET"]}}],"collection":[{"href":"https:\/\/malaga.salesianos.edu\/ampa\/wp-json\/wp\/v2\/posts"}],"about":[{"href":"https:\/\/malaga.salesianos.edu\/ampa\/wp-json\/wp\/v2\/types\/post"}],"author":[{"embeddable":true,"href":"https:\/\/malaga.salesianos.edu\/ampa\/wp-json\/wp\/v2\/users\/2"}],"replies":[{"embeddable":true,"href":"https:\/\/malaga.salesianos.edu\/ampa\/wp-json\/wp\/v2\/comments?post=8536"}],"version-history":[{"count":0,"href":"https:\/\/malaga.salesianos.edu\/ampa\/wp-json\/wp\/v2\/posts\/8536\/revisions"}],"wp:attachment":[{"href":"https:\/\/malaga.salesianos.edu\/ampa\/wp-json\/wp\/v2\/media?parent=8536"}],"wp:term":[{"taxonomy":"category","embeddable":true,"href":"https:\/\/malaga.salesianos.edu\/ampa\/wp-json\/wp\/v2\/categories?post=8536"},{"taxonomy":"post_tag","embeddable":true,"href":"https:\/\/malaga.salesianos.edu\/ampa\/wp-json\/wp\/v2\/tags?post=8536"}],"curies":[{"name":"wp","href":"https:\/\/api.w.org\/{rel}","templated":true}]}}