{"id":8504,"date":"2019-06-10T07:16:53","date_gmt":"2019-06-10T05:16:53","guid":{"rendered":"https:\/\/malaga.salesianos.edu\/ampa\/blog\/el-ampa-mama-margarita-distinguida-por-su-implicacion-en-el-plan-director\/"},"modified":"2019-06-10T10:49:57","modified_gmt":"2019-06-10T08:49:57","slug":"el-ampa-mama-margarita-distinguida-por-su-implicacion-en-el-plan-director","status":"publish","type":"post","link":"https:\/\/malaga.salesianos.edu\/ampa\/blog\/el-ampa-mama-margarita-distinguida-por-su-implicacion-en-el-plan-director\/","title":{"rendered":"El AMPA Mam\u00e1 Margarita, distinguida por su implicaci\u00f3n en el Plan Director"},"content":{"rendered":"<p>[et_pb_section fb_built=\u00bb1&#8243; admin_label=\u00bbsection\u00bb _builder_version=\u00bb3.22.3&#8243; custom_padding=\u00bb2px|0px|54px|0px\u00bb][et_pb_row admin_label=\u00bbrow\u00bb _builder_version=\u00bb3.22.3&#8243; background_size=\u00bbinitial\u00bb background_position=\u00bbtop_left\u00bb background_repeat=\u00bbrepeat\u00bb][et_pb_column type=\u00bb4_4&#8243; _builder_version=\u00bb3.0.47&#8243;][et_pb_text admin_label=\u00bbEntradilla\u00bb _builder_version=\u00bb3.23.3&#8243; text_font=\u00bb|on|||\u00bb text_orientation=\u00bbjustified\u00bb use_border_color=\u00bboff\u00bb border_color=\u00bb#ffffff\u00bb border_style=\u00bbsolid\u00bb]<\/p>\n<p><strong><em>El acto de entrega de diplomas tuvo lugar el jueves 6 de junio en la sede de la Subdelegaci\u00f3n de Gobierno.<\/em><\/strong>\u00a0<\/p>\n<hr \/>\n<p>[\/et_pb_text][et_pb_text admin_label=\u00bbDesarrollo\u00bb _builder_version=\u00bb3.16.1&#8243; text_orientation=\u00bbjustified\u00bb use_border_color=\u00bboff\u00bb border_color=\u00bb#ffffff\u00bb border_style=\u00bbsolid\u00bb]<\/p>\n<p>El \u00e1rea de Participaci\u00f3n Ciudadana del Cuerpo Nacional de Polic\u00eda ha seleccionado en este curso a la Asociaci\u00f3n de Madres y Padres de Alumnos \u00abMam\u00e1 Margarita\u00bb nuestro centro para ser reconocida con un diploma por la <strong>excepcional implicaci\u00f3n de los famllias<\/strong> en las charlas impartidas en el marco del Plan Director para la Convivencia y la mejora de la seguridad en los centros educativos y sus entornos. Al acto asistieron, en representaci\u00f3n de la asociaci\u00f3n, D. Jos\u00e9 Francisco Moreno, actual presidente, y M\u00aa del Carmen Pino Vera, vocal; como representante del centro asisti\u00f3 Roc\u00edo Ruiz, subdirectora de Infantil y Primaria.<\/p>\n<p>El Plan Director para la Convivencia y la mejora de la seguridad en los centros educativos y sus entornos, es una iniciativa de los ministerios de Educaci\u00f3n e Interior, en la que colabora la Consejer\u00eda de Educaci\u00f3n de la Junta de Andaluc\u00eda. Entre sus finalidades est\u00e1 la de responder, de manera coordinada y eficaz a las cuestiones relacionadas con la seguridad de menores y j\u00f3venes en la escuela y su entorno, trabajando tanto con los alumnos como con la comunidad educativa.<\/p>\n<p>En su l\u00ednea de actuaci\u00f3n, el AMPA Mam\u00e1 Margarita apuesta por la formaci\u00f3n y sensibilizaci\u00f3n de las familias en cuestiones importantes y de actualidad que afectan sus hijos e hijas. Desde hace varios a\u00f1os desarrolla actividades formativas de tem\u00e1tica variada y gran inter\u00e9s, dentro de la \u201cEscuela de Padres\u201d, que gozan de buena acogida.<\/p>\n<p>En el caso del Plan Director, se programaron charlas dirigidas a los padres y madres de alumnos del centro, e impartidas por agentes de la polic\u00eda nacional expertos en delitos inform\u00e1ticos. Los ponentes se centraron en describir los distintos riesgos relacionados con las redes sociales e Internet, intentando llamar la atenci\u00f3n de los padres sobre los riesgos a los que sus hijos se pueden enfrentar y c\u00f3mo actuar para prevenirlos, llegando a aspectos muy concretos como el control parental, la configuraci\u00f3n de equipos para evitar riesgos, etc.<\/p>\n<p>Este diploma supone un reconocimento a la participaci\u00f3n y el inter\u00e9s mostrado por las familias en estas charlas, en las que tambi\u00e9n se ha contado con el apoyo y la implicaci\u00f3n del Equipo Directivo del Centro. El AMPA Mam\u00e1 Margarita recoge, pues, este diploma como representante de los padres del centro. \u00a1Gracias Familias!\u00a0\u00a0<\/p>\n<p><em><strong>#So\u00f1amosJuntos<\/strong><\/em><\/p>\n<p><strong><\/strong><\/p>\n<p>[\/et_pb_text][et_pb_text admin_label=\u00bbT\u00edtulo Galer\u00eda\u00bb _builder_version=\u00bb3.10&#8243;]<\/p>\n<blockquote>\n<h3><strong>Galer\u00eda de fotos:<\/strong><\/h3>\n<\/blockquote>\n<p>[\/et_pb_text][et_pb_gallery gallery_ids=\u00bb18108,18107,18119,18106&#8243; show_title_and_caption=\u00bboff\u00bb _builder_version=\u00bb3.23.3&#8243;][\/et_pb_gallery][et_pb_gallery gallery_ids=\u00bb7953,7956,7958,7959&#8243; posts_number=\u00bb8&#8243; show_title_and_caption=\u00bboff\u00bb zoom_icon_color=\u00bb#d12525&#8243; _builder_version=\u00bb3.23.3&#8243; animation_style=\u00bbslide\u00bb use_border_color=\u00bboff\u00bb border_color=\u00bb#ffffff\u00bb border_style=\u00bbsolid\u00bb][\/et_pb_gallery][\/et_pb_column][\/et_pb_row][\/et_pb_section]<\/p>\n","protected":false},"excerpt":{"rendered":"<p>El acto de entrega de diplomas tuvo lugar el jueves 6 de junio en la sede de la Subdelegaci\u00f3n de Gobierno.\u00a0 El \u00e1rea de Participaci\u00f3n Ciudadana del Cuerpo Nacional de Polic\u00eda ha seleccionado en este curso a la Asociaci\u00f3n de Madres y Padres de Alumnos \u00abMam\u00e1 Margarita\u00bb nuestro centro para ser reconocida con un diploma [&hellip;]<\/p>\n","protected":false},"author":19,"featured_media":8510,"comment_status":"open","ping_status":"open","sticky":false,"template":"","format":"standard","meta":{"_et_pb_use_builder":"on","_et_pb_old_content":"","_et_gb_content_width":"","footnotes":""},"categories":[103,10],"tags":[],"class_list":["post-8504","post","type-post","status-publish","format-standard","has-post-thumbnail","hentry","category-asoc-madres-y-padres-de-alumnos","category-colegio"],"yoast_head":"<!-- This site is optimized with the Yoast SEO plugin v28.3 - https:\/\/yoast.com\/product\/yoast-seo-wordpress\/ -->\n<title>El AMPA Mam\u00e1 Margarita, distinguida por su implicaci\u00f3n en el Plan Director - AMPA Mam\u00e1 Margarita | Salesianos M\u00e1laga<\/title>\n<meta name=\"robots\" content=\"index, follow, max-snippet:-1, max-image-preview:large, max-video-preview:-1\" \/>\n<link rel=\"canonical\" href=\"https:\/\/malaga.salesianos.edu\/ampa\/blog\/el-ampa-mama-margarita-distinguida-por-su-implicacion-en-el-plan-director\/\" \/>\n<meta property=\"og:locale\" content=\"es_ES\" \/>\n<meta property=\"og:type\" content=\"article\" \/>\n<meta property=\"og:title\" content=\"El AMPA Mam\u00e1 Margarita, distinguida por su implicaci\u00f3n en el Plan Director - AMPA Mam\u00e1 Margarita | Salesianos M\u00e1laga\" \/>\n<meta property=\"og:description\" content=\"El acto de entrega de diplomas tuvo lugar el jueves 6 de junio en la sede de la Subdelegaci\u00f3n de Gobierno.\u00a0 El \u00e1rea de Participaci\u00f3n Ciudadana del Cuerpo Nacional de Polic\u00eda ha seleccionado en este curso a la Asociaci\u00f3n de Madres y Padres de Alumnos &quot;Mam\u00e1 Margarita&quot; nuestro centro para ser reconocida con un diploma [&hellip;]\" \/>\n<meta property=\"og:url\" content=\"https:\/\/malaga.salesianos.edu\/ampa\/blog\/el-ampa-mama-margarita-distinguida-por-su-implicacion-en-el-plan-director\/\" \/>\n<meta property=\"og:site_name\" content=\"AMPA Mam\u00e1 Margarita | Salesianos M\u00e1laga\" \/>\n<meta property=\"article:published_time\" content=\"2019-06-10T05:16:53+00:00\" \/>\n<meta property=\"article:modified_time\" content=\"2019-06-10T08:49:57+00:00\" \/>\n<meta property=\"og:image\" content=\"https:\/\/malaga.salesianos.edu\/ampa\/wp-content\/uploads\/sites\/4\/2019\/06\/IMG-20190606-WA0017-1.jpg\" \/>\n\t<meta property=\"og:image:width\" content=\"1600\" \/>\n\t<meta property=\"og:image:height\" content=\"900\" \/>\n\t<meta property=\"og:image:type\" content=\"image\/jpeg\" \/>\n<meta name=\"twitter:card\" content=\"summary_large_image\" \/>\n<meta name=\"twitter:label1\" content=\"Escrito por\" \/>\n\t<meta name=\"twitter:data1\" content=\"\" \/>\n\t<meta name=\"twitter:label2\" content=\"Tiempo de lectura\" \/>\n\t<meta name=\"twitter:data2\" content=\"3 minutos\" \/>\n<script type=\"application\/ld+json\" class=\"yoast-schema-graph\">{\"@context\":\"https:\\\/\\\/schema.org\",\"@graph\":[{\"@type\":\"Article\",\"@id\":\"https:\\\/\\\/malaga.salesianos.edu\\\/ampa\\\/blog\\\/el-ampa-mama-margarita-distinguida-por-su-implicacion-en-el-plan-director\\\/#article\",\"isPartOf\":{\"@id\":\"https:\\\/\\\/malaga.salesianos.edu\\\/ampa\\\/blog\\\/el-ampa-mama-margarita-distinguida-por-su-implicacion-en-el-plan-director\\\/\"},\"author\":{\"name\":\"\",\"@id\":\"\"},\"headline\":\"El AMPA Mam\u00e1 Margarita, distinguida por su implicaci\u00f3n en el Plan Director\",\"datePublished\":\"2019-06-10T05:16:53+00:00\",\"dateModified\":\"2019-06-10T08:49:57+00:00\",\"mainEntityOfPage\":{\"@id\":\"https:\\\/\\\/malaga.salesianos.edu\\\/ampa\\\/blog\\\/el-ampa-mama-margarita-distinguida-por-su-implicacion-en-el-plan-director\\\/\"},\"wordCount\":606,\"commentCount\":0,\"image\":{\"@id\":\"https:\\\/\\\/malaga.salesianos.edu\\\/ampa\\\/blog\\\/el-ampa-mama-margarita-distinguida-por-su-implicacion-en-el-plan-director\\\/#primaryimage\"},\"thumbnailUrl\":\"https:\\\/\\\/malaga.salesianos.edu\\\/ampa\\\/wp-content\\\/uploads\\\/sites\\\/4\\\/2019\\\/06\\\/IMG-20190606-WA0017-1.jpg\",\"articleSection\":[\"AMPA\",\"Colegio\"],\"inLanguage\":\"es\",\"potentialAction\":[{\"@type\":\"CommentAction\",\"name\":\"Comment\",\"target\":[\"https:\\\/\\\/malaga.salesianos.edu\\\/ampa\\\/blog\\\/el-ampa-mama-margarita-distinguida-por-su-implicacion-en-el-plan-director\\\/#respond\"]}]},{\"@type\":\"WebPage\",\"@id\":\"https:\\\/\\\/malaga.salesianos.edu\\\/ampa\\\/blog\\\/el-ampa-mama-margarita-distinguida-por-su-implicacion-en-el-plan-director\\\/\",\"url\":\"https:\\\/\\\/malaga.salesianos.edu\\\/ampa\\\/blog\\\/el-ampa-mama-margarita-distinguida-por-su-implicacion-en-el-plan-director\\\/\",\"name\":\"El AMPA Mam\u00e1 Margarita, distinguida por su implicaci\u00f3n en el Plan Director - AMPA Mam\u00e1 Margarita | Salesianos M\u00e1laga\",\"isPartOf\":{\"@id\":\"https:\\\/\\\/malaga.salesianos.edu\\\/ampa\\\/#website\"},\"primaryImageOfPage\":{\"@id\":\"https:\\\/\\\/malaga.salesianos.edu\\\/ampa\\\/blog\\\/el-ampa-mama-margarita-distinguida-por-su-implicacion-en-el-plan-director\\\/#primaryimage\"},\"image\":{\"@id\":\"https:\\\/\\\/malaga.salesianos.edu\\\/ampa\\\/blog\\\/el-ampa-mama-margarita-distinguida-por-su-implicacion-en-el-plan-director\\\/#primaryimage\"},\"thumbnailUrl\":\"https:\\\/\\\/malaga.salesianos.edu\\\/ampa\\\/wp-content\\\/uploads\\\/sites\\\/4\\\/2019\\\/06\\\/IMG-20190606-WA0017-1.jpg\",\"datePublished\":\"2019-06-10T05:16:53+00:00\",\"dateModified\":\"2019-06-10T08:49:57+00:00\",\"author\":{\"@id\":\"\"},\"breadcrumb\":{\"@id\":\"https:\\\/\\\/malaga.salesianos.edu\\\/ampa\\\/blog\\\/el-ampa-mama-margarita-distinguida-por-su-implicacion-en-el-plan-director\\\/#breadcrumb\"},\"inLanguage\":\"es\",\"potentialAction\":[{\"@type\":\"ReadAction\",\"target\":[\"https:\\\/\\\/malaga.salesianos.edu\\\/ampa\\\/blog\\\/el-ampa-mama-margarita-distinguida-por-su-implicacion-en-el-plan-director\\\/\"]}]},{\"@type\":\"ImageObject\",\"inLanguage\":\"es\",\"@id\":\"https:\\\/\\\/malaga.salesianos.edu\\\/ampa\\\/blog\\\/el-ampa-mama-margarita-distinguida-por-su-implicacion-en-el-plan-director\\\/#primaryimage\",\"url\":\"https:\\\/\\\/malaga.salesianos.edu\\\/ampa\\\/wp-content\\\/uploads\\\/sites\\\/4\\\/2019\\\/06\\\/IMG-20190606-WA0017-1.jpg\",\"contentUrl\":\"https:\\\/\\\/malaga.salesianos.edu\\\/ampa\\\/wp-content\\\/uploads\\\/sites\\\/4\\\/2019\\\/06\\\/IMG-20190606-WA0017-1.jpg\",\"width\":1600,\"height\":900},{\"@type\":\"BreadcrumbList\",\"@id\":\"https:\\\/\\\/malaga.salesianos.edu\\\/ampa\\\/blog\\\/el-ampa-mama-margarita-distinguida-por-su-implicacion-en-el-plan-director\\\/#breadcrumb\",\"itemListElement\":[{\"@type\":\"ListItem\",\"position\":1,\"name\":\"Portada\",\"item\":\"https:\\\/\\\/malaga.salesianos.edu\\\/ampa\\\/\"},{\"@type\":\"ListItem\",\"position\":2,\"name\":\"El AMPA Mam\u00e1 Margarita, distinguida por su implicaci\u00f3n en el Plan Director\"}]},{\"@type\":\"WebSite\",\"@id\":\"https:\\\/\\\/malaga.salesianos.edu\\\/ampa\\\/#website\",\"url\":\"https:\\\/\\\/malaga.salesianos.edu\\\/ampa\\\/\",\"name\":\"AMPA Mam\u00e1 Margarita | Salesianos M\u00e1laga\",\"description\":\"Asociaci\u00f3n de madres y padres AMPA Mam\u00e1 Margarita | Colegio Salesiano San Bartolom\u00e9 de M\u00e1laga\",\"potentialAction\":[{\"@type\":\"SearchAction\",\"target\":{\"@type\":\"EntryPoint\",\"urlTemplate\":\"https:\\\/\\\/malaga.salesianos.edu\\\/ampa\\\/?s={search_term_string}\"},\"query-input\":{\"@type\":\"PropertyValueSpecification\",\"valueRequired\":true,\"valueName\":\"search_term_string\"}}],\"inLanguage\":\"es\"},{\"@type\":\"Person\",\"@id\":\"\"}]}<\/script>\n<!-- \/ Yoast SEO plugin. -->","yoast_head_json":{"title":"El AMPA Mam\u00e1 Margarita, distinguida por su implicaci\u00f3n en el Plan Director - AMPA Mam\u00e1 Margarita | Salesianos M\u00e1laga","robots":{"index":"index","follow":"follow","max-snippet":"max-snippet:-1","max-image-preview":"max-image-preview:large","max-video-preview":"max-video-preview:-1"},"canonical":"https:\/\/malaga.salesianos.edu\/ampa\/blog\/el-ampa-mama-margarita-distinguida-por-su-implicacion-en-el-plan-director\/","og_locale":"es_ES","og_type":"article","og_title":"El AMPA Mam\u00e1 Margarita, distinguida por su implicaci\u00f3n en el Plan Director - AMPA Mam\u00e1 Margarita | Salesianos M\u00e1laga","og_description":"El acto de entrega de diplomas tuvo lugar el jueves 6 de junio en la sede de la Subdelegaci\u00f3n de Gobierno.\u00a0 El \u00e1rea de Participaci\u00f3n Ciudadana del Cuerpo Nacional de Polic\u00eda ha seleccionado en este curso a la Asociaci\u00f3n de Madres y Padres de Alumnos \"Mam\u00e1 Margarita\" nuestro centro para ser reconocida con un diploma [&hellip;]","og_url":"https:\/\/malaga.salesianos.edu\/ampa\/blog\/el-ampa-mama-margarita-distinguida-por-su-implicacion-en-el-plan-director\/","og_site_name":"AMPA Mam\u00e1 Margarita | Salesianos M\u00e1laga","article_published_time":"2019-06-10T05:16:53+00:00","article_modified_time":"2019-06-10T08:49:57+00:00","og_image":[{"width":1600,"height":900,"url":"https:\/\/malaga.salesianos.edu\/ampa\/wp-content\/uploads\/sites\/4\/2019\/06\/IMG-20190606-WA0017-1.jpg","type":"image\/jpeg"}],"twitter_card":"summary_large_image","twitter_misc":{"Escrito por":"","Tiempo de lectura":"3 minutos"},"schema":{"@context":"https:\/\/schema.org","@graph":[{"@type":"Article","@id":"https:\/\/malaga.salesianos.edu\/ampa\/blog\/el-ampa-mama-margarita-distinguida-por-su-implicacion-en-el-plan-director\/#article","isPartOf":{"@id":"https:\/\/malaga.salesianos.edu\/ampa\/blog\/el-ampa-mama-margarita-distinguida-por-su-implicacion-en-el-plan-director\/"},"author":{"name":"","@id":""},"headline":"El AMPA Mam\u00e1 Margarita, distinguida por su implicaci\u00f3n en el Plan Director","datePublished":"2019-06-10T05:16:53+00:00","dateModified":"2019-06-10T08:49:57+00:00","mainEntityOfPage":{"@id":"https:\/\/malaga.salesianos.edu\/ampa\/blog\/el-ampa-mama-margarita-distinguida-por-su-implicacion-en-el-plan-director\/"},"wordCount":606,"commentCount":0,"image":{"@id":"https:\/\/malaga.salesianos.edu\/ampa\/blog\/el-ampa-mama-margarita-distinguida-por-su-implicacion-en-el-plan-director\/#primaryimage"},"thumbnailUrl":"https:\/\/malaga.salesianos.edu\/ampa\/wp-content\/uploads\/sites\/4\/2019\/06\/IMG-20190606-WA0017-1.jpg","articleSection":["AMPA","Colegio"],"inLanguage":"es","potentialAction":[{"@type":"CommentAction","name":"Comment","target":["https:\/\/malaga.salesianos.edu\/ampa\/blog\/el-ampa-mama-margarita-distinguida-por-su-implicacion-en-el-plan-director\/#respond"]}]},{"@type":"WebPage","@id":"https:\/\/malaga.salesianos.edu\/ampa\/blog\/el-ampa-mama-margarita-distinguida-por-su-implicacion-en-el-plan-director\/","url":"https:\/\/malaga.salesianos.edu\/ampa\/blog\/el-ampa-mama-margarita-distinguida-por-su-implicacion-en-el-plan-director\/","name":"El AMPA Mam\u00e1 Margarita, distinguida por su implicaci\u00f3n en el Plan Director - AMPA Mam\u00e1 Margarita | Salesianos M\u00e1laga","isPartOf":{"@id":"https:\/\/malaga.salesianos.edu\/ampa\/#website"},"primaryImageOfPage":{"@id":"https:\/\/malaga.salesianos.edu\/ampa\/blog\/el-ampa-mama-margarita-distinguida-por-su-implicacion-en-el-plan-director\/#primaryimage"},"image":{"@id":"https:\/\/malaga.salesianos.edu\/ampa\/blog\/el-ampa-mama-margarita-distinguida-por-su-implicacion-en-el-plan-director\/#primaryimage"},"thumbnailUrl":"https:\/\/malaga.salesianos.edu\/ampa\/wp-content\/uploads\/sites\/4\/2019\/06\/IMG-20190606-WA0017-1.jpg","datePublished":"2019-06-10T05:16:53+00:00","dateModified":"2019-06-10T08:49:57+00:00","author":{"@id":""},"breadcrumb":{"@id":"https:\/\/malaga.salesianos.edu\/ampa\/blog\/el-ampa-mama-margarita-distinguida-por-su-implicacion-en-el-plan-director\/#breadcrumb"},"inLanguage":"es","potentialAction":[{"@type":"ReadAction","target":["https:\/\/malaga.salesianos.edu\/ampa\/blog\/el-ampa-mama-margarita-distinguida-por-su-implicacion-en-el-plan-director\/"]}]},{"@type":"ImageObject","inLanguage":"es","@id":"https:\/\/malaga.salesianos.edu\/ampa\/blog\/el-ampa-mama-margarita-distinguida-por-su-implicacion-en-el-plan-director\/#primaryimage","url":"https:\/\/malaga.salesianos.edu\/ampa\/wp-content\/uploads\/sites\/4\/2019\/06\/IMG-20190606-WA0017-1.jpg","contentUrl":"https:\/\/malaga.salesianos.edu\/ampa\/wp-content\/uploads\/sites\/4\/2019\/06\/IMG-20190606-WA0017-1.jpg","width":1600,"height":900},{"@type":"BreadcrumbList","@id":"https:\/\/malaga.salesianos.edu\/ampa\/blog\/el-ampa-mama-margarita-distinguida-por-su-implicacion-en-el-plan-director\/#breadcrumb","itemListElement":[{"@type":"ListItem","position":1,"name":"Portada","item":"https:\/\/malaga.salesianos.edu\/ampa\/"},{"@type":"ListItem","position":2,"name":"El AMPA Mam\u00e1 Margarita, distinguida por su implicaci\u00f3n en el Plan Director"}]},{"@type":"WebSite","@id":"https:\/\/malaga.salesianos.edu\/ampa\/#website","url":"https:\/\/malaga.salesianos.edu\/ampa\/","name":"AMPA Mam\u00e1 Margarita | Salesianos M\u00e1laga","description":"Asociaci\u00f3n de madres y padres AMPA Mam\u00e1 Margarita | Colegio Salesiano San Bartolom\u00e9 de M\u00e1laga","potentialAction":[{"@type":"SearchAction","target":{"@type":"EntryPoint","urlTemplate":"https:\/\/malaga.salesianos.edu\/ampa\/?s={search_term_string}"},"query-input":{"@type":"PropertyValueSpecification","valueRequired":true,"valueName":"search_term_string"}}],"inLanguage":"es"},{"@type":"Person","@id":""}]}},"_links":{"self":[{"href":"https:\/\/malaga.salesianos.edu\/ampa\/wp-json\/wp\/v2\/posts\/8504","targetHints":{"allow":["GET"]}}],"collection":[{"href":"https:\/\/malaga.salesianos.edu\/ampa\/wp-json\/wp\/v2\/posts"}],"about":[{"href":"https:\/\/malaga.salesianos.edu\/ampa\/wp-json\/wp\/v2\/types\/post"}],"author":[{"embeddable":true,"href":"https:\/\/malaga.salesianos.edu\/ampa\/wp-json\/wp\/v2\/users\/19"}],"replies":[{"embeddable":true,"href":"https:\/\/malaga.salesianos.edu\/ampa\/wp-json\/wp\/v2\/comments?post=8504"}],"version-history":[{"count":4,"href":"https:\/\/malaga.salesianos.edu\/ampa\/wp-json\/wp\/v2\/posts\/8504\/revisions"}],"predecessor-version":[{"id":8509,"href":"https:\/\/malaga.salesianos.edu\/ampa\/wp-json\/wp\/v2\/posts\/8504\/revisions\/8509"}],"wp:featuredmedia":[{"embeddable":true,"href":"https:\/\/malaga.salesianos.edu\/ampa\/wp-json\/wp\/v2\/media\/8510"}],"wp:attachment":[{"href":"https:\/\/malaga.salesianos.edu\/ampa\/wp-json\/wp\/v2\/media?parent=8504"}],"wp:term":[{"taxonomy":"category","embeddable":true,"href":"https:\/\/malaga.salesianos.edu\/ampa\/wp-json\/wp\/v2\/categories?post=8504"},{"taxonomy":"post_tag","embeddable":true,"href":"https:\/\/malaga.salesianos.edu\/ampa\/wp-json\/wp\/v2\/tags?post=8504"}],"curies":[{"name":"wp","href":"https:\/\/api.w.org\/{rel}","templated":true}]}}