{"id":5089,"date":"2017-10-25T23:50:32","date_gmt":"2017-10-25T21:50:32","guid":{"rendered":"https:\/\/malaga.salesianos.edu\/ampa\/?p=5089"},"modified":"2017-10-25T23:50:32","modified_gmt":"2017-10-25T21:50:32","slug":"proxima-asamblea-general-ordinaria","status":"publish","type":"post","link":"https:\/\/malaga.salesianos.edu\/ampa\/blog\/proxima-asamblea-general-ordinaria\/","title":{"rendered":"Pr\u00f3xima asamblea general ordinaria"},"content":{"rendered":"<p>[et_pb_section bb_built=\u00bb1&#8243; admin_label=\u00bbsection\u00bb custom_padding=\u00bb2px|0px|54px|0px\u00bb][et_pb_row admin_label=\u00bbrow\u00bb][et_pb_column type=\u00bb4_4&#8243;][et_pb_text admin_label=\u00bbAutor\u00bb background_layout=\u00bblight\u00bb _builder_version=\u00bb3.0.83&#8243;]<\/p>\n<p>Por Jos\u00e9 Francisco Moreno<\/p>\n<p>[\/et_pb_text][et_pb_text admin_label=\u00bbEntradilla\u00bb text_font=\u00bb|on|||\u00bb background_layout=\u00bblight\u00bb text_orientation=\u00bbjustified\u00bb _builder_version=\u00bb3.0.83&#8243;]<\/p>\n<p><strong><em>Convocamos asamblea general ordinaria para el pr\u00f3ximo mes de noviembre.<br \/>\n<\/em><\/strong><\/p>\n<hr \/>\n<p>&nbsp;<\/p>\n<p>[\/et_pb_text][et_pb_text admin_label=\u00bbDesarrollo\u00bb background_layout=\u00bblight\u00bb text_orientation=\u00bbjustified\u00bb _builder_version=\u00bb3.0.83&#8243;]<\/p>\n<p>El pr\u00f3ximo d\u00eda 9 de Noviembre tendr\u00e1 lugar la primera Asamblea de los socios del AMPA. Nos gustar\u00eda contar con la presencia del mayor n\u00famero posible de socios, para compartir con ellos los proyectos para este curso.<br \/>\nQueridas familias, un saludo para todos<\/p>\n<p>[\/et_pb_text][et_pb_image _builder_version=\u00bb3.0.83&#8243; src=\u00bbhttps:\/\/malaga.salesianos.edu\/ampa\/wp-content\/uploads\/sites\/4\/2017\/10\/Asambleanov2017.png\u00bb show_in_lightbox=\u00bboff\u00bb url_new_window=\u00bboff\u00bb use_overlay=\u00bboff\u00bb always_center_on_mobile=\u00bbon\u00bb force_fullwidth=\u00bboff\u00bb show_bottom_space=\u00bbon\u00bb animation_style=\u00bbslide\u00bb animation_direction=\u00bbright\u00bb \/][et_pb_comments _builder_version=\u00bb3.0.83&#8243; show_avatar=\u00bbon\u00bb show_reply=\u00bbon\u00bb show_count=\u00bbon\u00bb background_layout=\u00bblight\u00bb header_font_size_tablet=\u00bb51&#8243; header_line_height_tablet=\u00bb2&#8243; custom_button=\u00bboff\u00bb button_icon_placement=\u00bbright\u00bb \/][\/et_pb_column][\/et_pb_row][\/et_pb_section]<\/p>\n","protected":false},"excerpt":{"rendered":"<p>Por Jos\u00e9 Francisco Moreno Convocamos asamblea general ordinaria para el pr\u00f3ximo mes de noviembre. &nbsp; El pr\u00f3ximo d\u00eda 9 de Noviembre tendr\u00e1 lugar la primera Asamblea de los socios del AMPA. Nos gustar\u00eda contar con la presencia del mayor n\u00famero posible de socios, para compartir con ellos los proyectos para este curso. Queridas familias, un [&hellip;]<\/p>\n","protected":false},"author":2,"featured_media":4801,"comment_status":"open","ping_status":"open","sticky":false,"template":"","format":"standard","meta":{"_et_pb_use_builder":"on","_et_pb_old_content":"","_et_gb_content_width":"","footnotes":""},"categories":[103],"tags":[],"class_list":["post-5089","post","type-post","status-publish","format-standard","has-post-thumbnail","hentry","category-asoc-madres-y-padres-de-alumnos"],"yoast_head":"<!-- This site is optimized with the Yoast SEO plugin v28.3 - https:\/\/yoast.com\/product\/yoast-seo-wordpress\/ -->\n<title>Pr\u00f3xima asamblea general ordinaria - AMPA Mam\u00e1 Margarita | Salesianos M\u00e1laga<\/title>\n<meta name=\"robots\" content=\"index, follow, max-snippet:-1, max-image-preview:large, max-video-preview:-1\" \/>\n<link rel=\"canonical\" href=\"https:\/\/malaga.salesianos.edu\/ampa\/blog\/proxima-asamblea-general-ordinaria\/\" \/>\n<meta property=\"og:locale\" content=\"es_ES\" \/>\n<meta property=\"og:type\" content=\"article\" \/>\n<meta property=\"og:title\" content=\"Pr\u00f3xima asamblea general ordinaria - AMPA Mam\u00e1 Margarita | Salesianos M\u00e1laga\" \/>\n<meta property=\"og:description\" content=\"Por Jos\u00e9 Francisco Moreno Convocamos asamblea general ordinaria para el pr\u00f3ximo mes de noviembre. &nbsp; El pr\u00f3ximo d\u00eda 9 de Noviembre tendr\u00e1 lugar la primera Asamblea de los socios del AMPA. Nos gustar\u00eda contar con la presencia del mayor n\u00famero posible de socios, para compartir con ellos los proyectos para este curso. Queridas familias, un [&hellip;]\" \/>\n<meta property=\"og:url\" content=\"https:\/\/malaga.salesianos.edu\/ampa\/blog\/proxima-asamblea-general-ordinaria\/\" \/>\n<meta property=\"og:site_name\" content=\"AMPA Mam\u00e1 Margarita | Salesianos M\u00e1laga\" \/>\n<meta property=\"article:published_time\" content=\"2017-10-25T21:50:32+00:00\" \/>\n<meta property=\"og:image\" content=\"https:\/\/malaga.salesianos.edu\/ampa\/wp-content\/uploads\/sites\/4\/2017\/02\/Reunion_ampa.jpg\" \/>\n\t<meta property=\"og:image:width\" content=\"1280\" \/>\n\t<meta property=\"og:image:height\" content=\"720\" \/>\n\t<meta property=\"og:image:type\" content=\"image\/jpeg\" \/>\n<meta name=\"author\" content=\"Comunicaci\u00f3n MLG\" \/>\n<meta name=\"twitter:card\" content=\"summary_large_image\" \/>\n<meta name=\"twitter:label1\" content=\"Escrito por\" \/>\n\t<meta name=\"twitter:data1\" content=\"Comunicaci\u00f3n MLG\" \/>\n\t<meta name=\"twitter:label2\" content=\"Tiempo de lectura\" \/>\n\t<meta name=\"twitter:data2\" content=\"1 minuto\" \/>\n<script type=\"application\/ld+json\" class=\"yoast-schema-graph\">{\"@context\":\"https:\\\/\\\/schema.org\",\"@graph\":[{\"@type\":\"Article\",\"@id\":\"https:\\\/\\\/malaga.salesianos.edu\\\/ampa\\\/blog\\\/proxima-asamblea-general-ordinaria\\\/#article\",\"isPartOf\":{\"@id\":\"https:\\\/\\\/malaga.salesianos.edu\\\/ampa\\\/blog\\\/proxima-asamblea-general-ordinaria\\\/\"},\"author\":{\"name\":\"Comunicaci\u00f3n MLG\",\"@id\":\"https:\\\/\\\/malaga.salesianos.edu\\\/ampa\\\/#\\\/schema\\\/person\\\/fd7e7b338b40e1c817a659fe5fce718b\"},\"headline\":\"Pr\u00f3xima asamblea general ordinaria\",\"datePublished\":\"2017-10-25T21:50:32+00:00\",\"mainEntityOfPage\":{\"@id\":\"https:\\\/\\\/malaga.salesianos.edu\\\/ampa\\\/blog\\\/proxima-asamblea-general-ordinaria\\\/\"},\"wordCount\":228,\"commentCount\":0,\"image\":{\"@id\":\"https:\\\/\\\/malaga.salesianos.edu\\\/ampa\\\/blog\\\/proxima-asamblea-general-ordinaria\\\/#primaryimage\"},\"thumbnailUrl\":\"https:\\\/\\\/malaga.salesianos.edu\\\/ampa\\\/wp-content\\\/uploads\\\/sites\\\/4\\\/2017\\\/02\\\/Reunion_ampa.jpg\",\"articleSection\":[\"AMPA\"],\"inLanguage\":\"es\",\"potentialAction\":[{\"@type\":\"CommentAction\",\"name\":\"Comment\",\"target\":[\"https:\\\/\\\/malaga.salesianos.edu\\\/ampa\\\/blog\\\/proxima-asamblea-general-ordinaria\\\/#respond\"]}]},{\"@type\":\"WebPage\",\"@id\":\"https:\\\/\\\/malaga.salesianos.edu\\\/ampa\\\/blog\\\/proxima-asamblea-general-ordinaria\\\/\",\"url\":\"https:\\\/\\\/malaga.salesianos.edu\\\/ampa\\\/blog\\\/proxima-asamblea-general-ordinaria\\\/\",\"name\":\"Pr\u00f3xima asamblea general ordinaria - AMPA Mam\u00e1 Margarita | Salesianos M\u00e1laga\",\"isPartOf\":{\"@id\":\"https:\\\/\\\/malaga.salesianos.edu\\\/ampa\\\/#website\"},\"primaryImageOfPage\":{\"@id\":\"https:\\\/\\\/malaga.salesianos.edu\\\/ampa\\\/blog\\\/proxima-asamblea-general-ordinaria\\\/#primaryimage\"},\"image\":{\"@id\":\"https:\\\/\\\/malaga.salesianos.edu\\\/ampa\\\/blog\\\/proxima-asamblea-general-ordinaria\\\/#primaryimage\"},\"thumbnailUrl\":\"https:\\\/\\\/malaga.salesianos.edu\\\/ampa\\\/wp-content\\\/uploads\\\/sites\\\/4\\\/2017\\\/02\\\/Reunion_ampa.jpg\",\"datePublished\":\"2017-10-25T21:50:32+00:00\",\"author\":{\"@id\":\"https:\\\/\\\/malaga.salesianos.edu\\\/ampa\\\/#\\\/schema\\\/person\\\/fd7e7b338b40e1c817a659fe5fce718b\"},\"breadcrumb\":{\"@id\":\"https:\\\/\\\/malaga.salesianos.edu\\\/ampa\\\/blog\\\/proxima-asamblea-general-ordinaria\\\/#breadcrumb\"},\"inLanguage\":\"es\",\"potentialAction\":[{\"@type\":\"ReadAction\",\"target\":[\"https:\\\/\\\/malaga.salesianos.edu\\\/ampa\\\/blog\\\/proxima-asamblea-general-ordinaria\\\/\"]}]},{\"@type\":\"ImageObject\",\"inLanguage\":\"es\",\"@id\":\"https:\\\/\\\/malaga.salesianos.edu\\\/ampa\\\/blog\\\/proxima-asamblea-general-ordinaria\\\/#primaryimage\",\"url\":\"https:\\\/\\\/malaga.salesianos.edu\\\/ampa\\\/wp-content\\\/uploads\\\/sites\\\/4\\\/2017\\\/02\\\/Reunion_ampa.jpg\",\"contentUrl\":\"https:\\\/\\\/malaga.salesianos.edu\\\/ampa\\\/wp-content\\\/uploads\\\/sites\\\/4\\\/2017\\\/02\\\/Reunion_ampa.jpg\",\"width\":1280,\"height\":720},{\"@type\":\"BreadcrumbList\",\"@id\":\"https:\\\/\\\/malaga.salesianos.edu\\\/ampa\\\/blog\\\/proxima-asamblea-general-ordinaria\\\/#breadcrumb\",\"itemListElement\":[{\"@type\":\"ListItem\",\"position\":1,\"name\":\"Portada\",\"item\":\"https:\\\/\\\/malaga.salesianos.edu\\\/ampa\\\/\"},{\"@type\":\"ListItem\",\"position\":2,\"name\":\"Pr\u00f3xima asamblea general ordinaria\"}]},{\"@type\":\"WebSite\",\"@id\":\"https:\\\/\\\/malaga.salesianos.edu\\\/ampa\\\/#website\",\"url\":\"https:\\\/\\\/malaga.salesianos.edu\\\/ampa\\\/\",\"name\":\"AMPA Mam\u00e1 Margarita | Salesianos M\u00e1laga\",\"description\":\"Asociaci\u00f3n de madres y padres AMPA Mam\u00e1 Margarita | Colegio Salesiano San Bartolom\u00e9 de M\u00e1laga\",\"potentialAction\":[{\"@type\":\"SearchAction\",\"target\":{\"@type\":\"EntryPoint\",\"urlTemplate\":\"https:\\\/\\\/malaga.salesianos.edu\\\/ampa\\\/?s={search_term_string}\"},\"query-input\":{\"@type\":\"PropertyValueSpecification\",\"valueRequired\":true,\"valueName\":\"search_term_string\"}}],\"inLanguage\":\"es\"},{\"@type\":\"Person\",\"@id\":\"https:\\\/\\\/malaga.salesianos.edu\\\/ampa\\\/#\\\/schema\\\/person\\\/fd7e7b338b40e1c817a659fe5fce718b\",\"name\":\"Comunicaci\u00f3n MLG\",\"image\":{\"@type\":\"ImageObject\",\"inLanguage\":\"es\",\"@id\":\"https:\\\/\\\/secure.gravatar.com\\\/avatar\\\/2ce5c66be6c7ab6b098b2ac29099a68d1cdb824afbb8aadf744614ce719778ff?s=96&d=mm&r=g\",\"url\":\"https:\\\/\\\/secure.gravatar.com\\\/avatar\\\/2ce5c66be6c7ab6b098b2ac29099a68d1cdb824afbb8aadf744614ce719778ff?s=96&d=mm&r=g\",\"contentUrl\":\"https:\\\/\\\/secure.gravatar.com\\\/avatar\\\/2ce5c66be6c7ab6b098b2ac29099a68d1cdb824afbb8aadf744614ce719778ff?s=96&d=mm&r=g\",\"caption\":\"Comunicaci\u00f3n MLG\"}}]}<\/script>\n<!-- \/ Yoast SEO plugin. -->","yoast_head_json":{"title":"Pr\u00f3xima asamblea general ordinaria - AMPA Mam\u00e1 Margarita | Salesianos M\u00e1laga","robots":{"index":"index","follow":"follow","max-snippet":"max-snippet:-1","max-image-preview":"max-image-preview:large","max-video-preview":"max-video-preview:-1"},"canonical":"https:\/\/malaga.salesianos.edu\/ampa\/blog\/proxima-asamblea-general-ordinaria\/","og_locale":"es_ES","og_type":"article","og_title":"Pr\u00f3xima asamblea general ordinaria - AMPA Mam\u00e1 Margarita | Salesianos M\u00e1laga","og_description":"Por Jos\u00e9 Francisco Moreno Convocamos asamblea general ordinaria para el pr\u00f3ximo mes de noviembre. &nbsp; El pr\u00f3ximo d\u00eda 9 de Noviembre tendr\u00e1 lugar la primera Asamblea de los socios del AMPA. Nos gustar\u00eda contar con la presencia del mayor n\u00famero posible de socios, para compartir con ellos los proyectos para este curso. Queridas familias, un [&hellip;]","og_url":"https:\/\/malaga.salesianos.edu\/ampa\/blog\/proxima-asamblea-general-ordinaria\/","og_site_name":"AMPA Mam\u00e1 Margarita | Salesianos M\u00e1laga","article_published_time":"2017-10-25T21:50:32+00:00","og_image":[{"width":1280,"height":720,"url":"https:\/\/malaga.salesianos.edu\/ampa\/wp-content\/uploads\/sites\/4\/2017\/02\/Reunion_ampa.jpg","type":"image\/jpeg"}],"author":"Comunicaci\u00f3n MLG","twitter_card":"summary_large_image","twitter_misc":{"Escrito por":"Comunicaci\u00f3n MLG","Tiempo de lectura":"1 minuto"},"schema":{"@context":"https:\/\/schema.org","@graph":[{"@type":"Article","@id":"https:\/\/malaga.salesianos.edu\/ampa\/blog\/proxima-asamblea-general-ordinaria\/#article","isPartOf":{"@id":"https:\/\/malaga.salesianos.edu\/ampa\/blog\/proxima-asamblea-general-ordinaria\/"},"author":{"name":"Comunicaci\u00f3n MLG","@id":"https:\/\/malaga.salesianos.edu\/ampa\/#\/schema\/person\/fd7e7b338b40e1c817a659fe5fce718b"},"headline":"Pr\u00f3xima asamblea general ordinaria","datePublished":"2017-10-25T21:50:32+00:00","mainEntityOfPage":{"@id":"https:\/\/malaga.salesianos.edu\/ampa\/blog\/proxima-asamblea-general-ordinaria\/"},"wordCount":228,"commentCount":0,"image":{"@id":"https:\/\/malaga.salesianos.edu\/ampa\/blog\/proxima-asamblea-general-ordinaria\/#primaryimage"},"thumbnailUrl":"https:\/\/malaga.salesianos.edu\/ampa\/wp-content\/uploads\/sites\/4\/2017\/02\/Reunion_ampa.jpg","articleSection":["AMPA"],"inLanguage":"es","potentialAction":[{"@type":"CommentAction","name":"Comment","target":["https:\/\/malaga.salesianos.edu\/ampa\/blog\/proxima-asamblea-general-ordinaria\/#respond"]}]},{"@type":"WebPage","@id":"https:\/\/malaga.salesianos.edu\/ampa\/blog\/proxima-asamblea-general-ordinaria\/","url":"https:\/\/malaga.salesianos.edu\/ampa\/blog\/proxima-asamblea-general-ordinaria\/","name":"Pr\u00f3xima asamblea general ordinaria - AMPA Mam\u00e1 Margarita | Salesianos M\u00e1laga","isPartOf":{"@id":"https:\/\/malaga.salesianos.edu\/ampa\/#website"},"primaryImageOfPage":{"@id":"https:\/\/malaga.salesianos.edu\/ampa\/blog\/proxima-asamblea-general-ordinaria\/#primaryimage"},"image":{"@id":"https:\/\/malaga.salesianos.edu\/ampa\/blog\/proxima-asamblea-general-ordinaria\/#primaryimage"},"thumbnailUrl":"https:\/\/malaga.salesianos.edu\/ampa\/wp-content\/uploads\/sites\/4\/2017\/02\/Reunion_ampa.jpg","datePublished":"2017-10-25T21:50:32+00:00","author":{"@id":"https:\/\/malaga.salesianos.edu\/ampa\/#\/schema\/person\/fd7e7b338b40e1c817a659fe5fce718b"},"breadcrumb":{"@id":"https:\/\/malaga.salesianos.edu\/ampa\/blog\/proxima-asamblea-general-ordinaria\/#breadcrumb"},"inLanguage":"es","potentialAction":[{"@type":"ReadAction","target":["https:\/\/malaga.salesianos.edu\/ampa\/blog\/proxima-asamblea-general-ordinaria\/"]}]},{"@type":"ImageObject","inLanguage":"es","@id":"https:\/\/malaga.salesianos.edu\/ampa\/blog\/proxima-asamblea-general-ordinaria\/#primaryimage","url":"https:\/\/malaga.salesianos.edu\/ampa\/wp-content\/uploads\/sites\/4\/2017\/02\/Reunion_ampa.jpg","contentUrl":"https:\/\/malaga.salesianos.edu\/ampa\/wp-content\/uploads\/sites\/4\/2017\/02\/Reunion_ampa.jpg","width":1280,"height":720},{"@type":"BreadcrumbList","@id":"https:\/\/malaga.salesianos.edu\/ampa\/blog\/proxima-asamblea-general-ordinaria\/#breadcrumb","itemListElement":[{"@type":"ListItem","position":1,"name":"Portada","item":"https:\/\/malaga.salesianos.edu\/ampa\/"},{"@type":"ListItem","position":2,"name":"Pr\u00f3xima asamblea general ordinaria"}]},{"@type":"WebSite","@id":"https:\/\/malaga.salesianos.edu\/ampa\/#website","url":"https:\/\/malaga.salesianos.edu\/ampa\/","name":"AMPA Mam\u00e1 Margarita | Salesianos M\u00e1laga","description":"Asociaci\u00f3n de madres y padres AMPA Mam\u00e1 Margarita | Colegio Salesiano San Bartolom\u00e9 de M\u00e1laga","potentialAction":[{"@type":"SearchAction","target":{"@type":"EntryPoint","urlTemplate":"https:\/\/malaga.salesianos.edu\/ampa\/?s={search_term_string}"},"query-input":{"@type":"PropertyValueSpecification","valueRequired":true,"valueName":"search_term_string"}}],"inLanguage":"es"},{"@type":"Person","@id":"https:\/\/malaga.salesianos.edu\/ampa\/#\/schema\/person\/fd7e7b338b40e1c817a659fe5fce718b","name":"Comunicaci\u00f3n MLG","image":{"@type":"ImageObject","inLanguage":"es","@id":"https:\/\/secure.gravatar.com\/avatar\/2ce5c66be6c7ab6b098b2ac29099a68d1cdb824afbb8aadf744614ce719778ff?s=96&d=mm&r=g","url":"https:\/\/secure.gravatar.com\/avatar\/2ce5c66be6c7ab6b098b2ac29099a68d1cdb824afbb8aadf744614ce719778ff?s=96&d=mm&r=g","contentUrl":"https:\/\/secure.gravatar.com\/avatar\/2ce5c66be6c7ab6b098b2ac29099a68d1cdb824afbb8aadf744614ce719778ff?s=96&d=mm&r=g","caption":"Comunicaci\u00f3n MLG"}}]}},"_links":{"self":[{"href":"https:\/\/malaga.salesianos.edu\/ampa\/wp-json\/wp\/v2\/posts\/5089","targetHints":{"allow":["GET"]}}],"collection":[{"href":"https:\/\/malaga.salesianos.edu\/ampa\/wp-json\/wp\/v2\/posts"}],"about":[{"href":"https:\/\/malaga.salesianos.edu\/ampa\/wp-json\/wp\/v2\/types\/post"}],"author":[{"embeddable":true,"href":"https:\/\/malaga.salesianos.edu\/ampa\/wp-json\/wp\/v2\/users\/2"}],"replies":[{"embeddable":true,"href":"https:\/\/malaga.salesianos.edu\/ampa\/wp-json\/wp\/v2\/comments?post=5089"}],"version-history":[{"count":2,"href":"https:\/\/malaga.salesianos.edu\/ampa\/wp-json\/wp\/v2\/posts\/5089\/revisions"}],"predecessor-version":[{"id":5092,"href":"https:\/\/malaga.salesianos.edu\/ampa\/wp-json\/wp\/v2\/posts\/5089\/revisions\/5092"}],"wp:featuredmedia":[{"embeddable":true,"href":"https:\/\/malaga.salesianos.edu\/ampa\/wp-json\/wp\/v2\/media\/4801"}],"wp:attachment":[{"href":"https:\/\/malaga.salesianos.edu\/ampa\/wp-json\/wp\/v2\/media?parent=5089"}],"wp:term":[{"taxonomy":"category","embeddable":true,"href":"https:\/\/malaga.salesianos.edu\/ampa\/wp-json\/wp\/v2\/categories?post=5089"},{"taxonomy":"post_tag","embeddable":true,"href":"https:\/\/malaga.salesianos.edu\/ampa\/wp-json\/wp\/v2\/tags?post=5089"}],"curies":[{"name":"wp","href":"https:\/\/api.w.org\/{rel}","templated":true}]}}